{"id":1977,"date":"2020-06-30T19:44:18","date_gmt":"2020-06-30T17:44:18","guid":{"rendered":"https:\/\/sucurriculum.com\/noticias\/?p=1977"},"modified":"2020-06-30T19:44:19","modified_gmt":"2020-06-30T17:44:19","slug":"la-oms-alerta-de-que-la-pandemia-se-acelera","status":"publish","type":"post","link":"https:\/\/sucurriculum.com\/noticias\/la-oms-alerta-de-que-la-pandemia-se-acelera\/","title":{"rendered":"La OMS alerta de que la pandemia se acelera"},"content":{"rendered":"\n<script data-wid=\"auto\" type=\"text\/javascript\" src=\"https:\/\/ads.viralize.tv\/display\/?zid=AADjbMtGxHhgAXJu&#038;cid=AAYobGJH7SwBSTZc&#038;activation=adfill&#038;vip_mode=playing&#038;vip_position=bottom-right\"><\/script>\n\n\n\n<p>La nueva normalidad se aleja de Leicester. Mientras el resto del Reino Unido se prepara para relajar las restricciones a partir del cuatro de julio, el gobierno brit\u00e1nico las ha endurecido en esta ciudad del centro de Inglaterra que la semana pasada registr\u00f3 el 10% del total de nuevos contagios por COVID-19 en todo el pa\u00eds. Tiendas no esenciales y escuelas han echado el candado: \u00abRecomendamos a la gente de Leicester, que se queden en casa tanto como puedan. Y recomendamos no viajar a, desde y dentro de Leicester\u00bb, explicaba el ministro de Sanidad, Matt Hancock. <\/p>\n\n\n\n<p>No est\u00e1n claras las causas de este pico de contagios, pero los vecinos de la ciudad no parecen sorprendidos: \u00abObviamente nadie guarda la distancia social, la mitad de la gente no usa mascarilla. O las usamos de forma intermitente, no todo el tiempo. Las grandes multitudes son las que m\u00e1s nos decepcionan\u00bb, lamentaba una mujer. Las mascarillas aparecen como un factor clave para frenar la propagaci\u00f3n de la segunda ola de la pandemia en Serbia, que ha decretado su uso obligatorio en los espacios p\u00fablicos. \u00abBueno, no respetamos las medidas y estas son las consecuencias\u00bb, reconoc\u00eda una ciudadana. <\/p>\n\n\n\n<p><strong>Tras seis meses de pandemia, la Organizaci\u00f3n Mundial de la Salud (OMS) ha emitido una dura advertencia: \u00abTodos queremos seguir con nuestras vidas, pero la dura realidad es que esto no est\u00e1 ni siquiera cerca de terminar. \u00abAunque muchos pa\u00edses han hecho algunos progresos, a nivel mundial la pandemia se est\u00e1 acelerando\u00bb<\/strong>, dec\u00eda el director general de la organizaci\u00f3n, Tedros Adhanom. Una aceleraci\u00f3n evidente en pa\u00edses como Brasil o Estados Unidos, que ya ha superado los 2,5 millones de infecciones. Los nuevos picos se explican en buena parte, seg\u00fan los expertos, por la precipitaci\u00f3n en el levantamiento de las restricciones. <\/p>\n\n\n\n<p>Ante la inminencia de la festividad del 4 de julio, algunas ciudades, como Los \u00c1ngeles, han decidido cerrar sus playas para evitar la propagaci\u00f3n de la pandemia.<\/p>\n","protected":false},"excerpt":{"rendered":"<p>\u00abAunque muchos pa\u00edses han hecho algunos progresos, a nivel mundial la pandemia se est\u00e1 acelerando\u00bb<\/p>\n","protected":false},"author":2,"featured_media":1978,"comment_status":"open","ping_status":"open","sticky":false,"template":"","format":"standard","meta":{"footnotes":""},"categories":[66],"tags":[1260,835,907,417],"class_list":["post-1977","post","type-post","status-publish","format-standard","has-post-thumbnail","hentry","category-noticias-actualidad","tag-acelerando","tag-alerta","tag-oms","tag-pandemia"],"amp_enabled":true,"_links":{"self":[{"href":"https:\/\/sucurriculum.com\/noticias\/wp-json\/wp\/v2\/posts\/1977","targetHints":{"allow":["GET"]}}],"collection":[{"href":"https:\/\/sucurriculum.com\/noticias\/wp-json\/wp\/v2\/posts"}],"about":[{"href":"https:\/\/sucurriculum.com\/noticias\/wp-json\/wp\/v2\/types\/post"}],"author":[{"embeddable":true,"href":"https:\/\/sucurriculum.com\/noticias\/wp-json\/wp\/v2\/users\/2"}],"replies":[{"embeddable":true,"href":"https:\/\/sucurriculum.com\/noticias\/wp-json\/wp\/v2\/comments?post=1977"}],"version-history":[{"count":1,"href":"https:\/\/sucurriculum.com\/noticias\/wp-json\/wp\/v2\/posts\/1977\/revisions"}],"predecessor-version":[{"id":1979,"href":"https:\/\/sucurriculum.com\/noticias\/wp-json\/wp\/v2\/posts\/1977\/revisions\/1979"}],"wp:featuredmedia":[{"embeddable":true,"href":"https:\/\/sucurriculum.com\/noticias\/wp-json\/wp\/v2\/media\/1978"}],"wp:attachment":[{"href":"https:\/\/sucurriculum.com\/noticias\/wp-json\/wp\/v2\/media?parent=1977"}],"wp:term":[{"taxonomy":"category","embeddable":true,"href":"https:\/\/sucurriculum.com\/noticias\/wp-json\/wp\/v2\/categories?post=1977"},{"taxonomy":"post_tag","embeddable":true,"href":"https:\/\/sucurriculum.com\/noticias\/wp-json\/wp\/v2\/tags?post=1977"}],"curies":[{"name":"wp","href":"https:\/\/api.w.org\/{rel}","templated":true}]}}