{"id":1974,"date":"2020-06-30T19:38:25","date_gmt":"2020-06-30T17:38:25","guid":{"rendered":"https:\/\/sucurriculum.com\/noticias\/?p=1974"},"modified":"2020-06-30T19:38:26","modified_gmt":"2020-06-30T17:38:26","slug":"everis-creara-400-nuevos-empleos-en-madrid-este-ano","status":"publish","type":"post","link":"https:\/\/sucurriculum.com\/noticias\/everis-creara-400-nuevos-empleos-en-madrid-este-ano\/","title":{"rendered":"Everis crear\u00e1 400 nuevos empleos en Madrid este a\u00f1o"},"content":{"rendered":"\n<p>La compa\u00f1\u00eda tecnol\u00f3gica Everis pretende crear hasta 400 puestos de trabajo en Madrid a lo largo de este a\u00f1o, seg\u00fan ha confirmado la responsable de People, Flora Garc\u00eda.<\/p>\n\n\n\n<p>Everis que va a participar con un stand en la feria #EmpleoContigo que impulsa la Agencia para el Empleo del Ayuntamiento de Madrid el pr\u00f3ximo 8 de julio, va explicar en ese evento el tipo de perfiles profesionales que van a necesitar en la pr\u00f3xima semana.<\/p>\n\n\n\n<p>Su responsable de selecci\u00f3n, Flora Garc\u00eda nos ha adelantado que sobre todo, aquellas personas que dominan el lenguaje de programaci\u00f3n Java tienen muchas posibilidades de encontrar un puesto de trabajo en el mercado actual.<\/p>\n\n\n\n<p>De hecho, Garc\u00eda ha explicado que la crisis del Covid19 ha supuesto un incremento de la digitalizaci\u00f3n, por lo que el sector no ha pasado por las dificultades de otros y el empleo no se ha resentido.<\/p>\n","protected":false},"excerpt":{"rendered":"<p>La compa\u00f1\u00eda tecnol\u00f3gica Everis pretende crear hasta 400 puestos de trabajo en Madrid a lo largo de este a\u00f1o, seg\u00fan ha confirmado la responsable de People, Flora Garc\u00eda.<\/p>\n","protected":false},"author":2,"featured_media":1975,"comment_status":"open","ping_status":"open","sticky":false,"template":"","format":"standard","meta":{"footnotes":""},"categories":[2],"tags":[480,1034,95,740,1259,96],"class_list":["post-1974","post","type-post","status-publish","format-standard","has-post-thumbnail","hentry","category-noticias","tag-480","tag-ano","tag-empleos","tag-este","tag-everis","tag-madrid"],"amp_enabled":true,"_links":{"self":[{"href":"https:\/\/sucurriculum.com\/noticias\/wp-json\/wp\/v2\/posts\/1974","targetHints":{"allow":["GET"]}}],"collection":[{"href":"https:\/\/sucurriculum.com\/noticias\/wp-json\/wp\/v2\/posts"}],"about":[{"href":"https:\/\/sucurriculum.com\/noticias\/wp-json\/wp\/v2\/types\/post"}],"author":[{"embeddable":true,"href":"https:\/\/sucurriculum.com\/noticias\/wp-json\/wp\/v2\/users\/2"}],"replies":[{"embeddable":true,"href":"https:\/\/sucurriculum.com\/noticias\/wp-json\/wp\/v2\/comments?post=1974"}],"version-history":[{"count":1,"href":"https:\/\/sucurriculum.com\/noticias\/wp-json\/wp\/v2\/posts\/1974\/revisions"}],"predecessor-version":[{"id":1976,"href":"https:\/\/sucurriculum.com\/noticias\/wp-json\/wp\/v2\/posts\/1974\/revisions\/1976"}],"wp:featuredmedia":[{"embeddable":true,"href":"https:\/\/sucurriculum.com\/noticias\/wp-json\/wp\/v2\/media\/1975"}],"wp:attachment":[{"href":"https:\/\/sucurriculum.com\/noticias\/wp-json\/wp\/v2\/media?parent=1974"}],"wp:term":[{"taxonomy":"category","embeddable":true,"href":"https:\/\/sucurriculum.com\/noticias\/wp-json\/wp\/v2\/categories?post=1974"},{"taxonomy":"post_tag","embeddable":true,"href":"https:\/\/sucurriculum.com\/noticias\/wp-json\/wp\/v2\/tags?post=1974"}],"curies":[{"name":"wp","href":"https:\/\/api.w.org\/{rel}","templated":true}]}}