{"id":1846,"date":"2020-06-22T10:07:01","date_gmt":"2020-06-22T08:07:01","guid":{"rendered":"https:\/\/sucurriculum.com\/noticias\/?p=1846"},"modified":"2020-06-22T10:07:01","modified_gmt":"2020-06-22T08:07:01","slug":"bayer-creara-100-nuevos-empleos-en-barcelona","status":"publish","type":"post","link":"https:\/\/sucurriculum.com\/noticias\/bayer-creara-100-nuevos-empleos-en-barcelona\/","title":{"rendered":"Bayer crear\u00e1 100 nuevos empleos en Barcelona"},"content":{"rendered":"\n<p>Bayer centralizar\u00e1 en su Centro de Excelencia de Barcelona el control de las actividades de la cadena de suministro y log\u00edstica del grupo, en especial el \u00e1rea de Europa, Oriente Medio y \u00c1frica.<\/p>\n\n\n\n<p>La farmac\u00e9utica incorporar\u00e1 100 nuevos profesionales al equipo de casi 600 que ya trabajan en este centro que funciona como un hub de excelencia para todo el grupo Bayer, con actividades de Supply Chain Management. El equipo lo configuran personas de 45 nacionalidades diferentes para prestar servicio a 11 pa\u00edses entre Europa y Oriente Medio.<\/p>\n\n\n\n<p>El centro, con una inversi\u00f3n anual de cerca de un mill\u00f3n de euros en 2019, contribuye a la transformaci\u00f3n y digitalizaci\u00f3n de Bayer y da respuesta a las necesidades de la poblaci\u00f3n en dos \u00e1mbitos clave como son la salud y la alimentaci\u00f3n. \u00abLa integraci\u00f3n de nuevas funciones estrat\u00e9gicas para la organizaci\u00f3n y el crecimiento de nuestro equipo con una mayor capacitaci\u00f3n y especializaci\u00f3n, son el mejor aval de nuestro trabajo y nuestra contribuci\u00f3n a estos objetivos\u00bb, ha afirmado Marc Ferr\u00e9 Hausmann, director del Centro de Servicios de Bayer en Barcelona.<\/p>\n\n\n\n<p>En un comunicado, la compa\u00f1\u00eda destaca que entre las nuevas funciones, la revisi\u00f3n de la cadena de valor de Bayer se ajusta al cumplimiento de los Objetivos de Desarrollo Sostenible porque incorpora criterios de sostenibilidad, acompa\u00f1ando a los proveedores a reducir su impacto medioambiental para contribuir al objetivo de la compa\u00f1\u00eda de tener una huella neutral de emisiones en 2030.<\/p>\n\n\n\n<p>En la actualidad, el centro ubicado en Sant Joan Desp\u00ed (Barcelona) este Centro destaca tambi\u00e9n por integrar los principios de sostenibilidad e innovaci\u00f3n en su forma de trabajo con un equipo diverso, joven y multicultural que ha sido referencia en la aplicaci\u00f3n de las nuevas formas de trabajo flexible y transformaci\u00f3n digital.<\/p>\n\n\n\n<p>En el ejercicio 2019, el Grupo, con alrededor de 104.000 empleados, obtuvo unas ventas de 43.500 millones de euros, realiz\u00f3 inversiones por valor de 2.900 millones de euros y destin\u00f3 5.300 millones de euros a investigaci\u00f3n y desarrollo.<\/p>\n","protected":false},"excerpt":{"rendered":"<p>Bayer centralizar\u00e1 en su Centro de Excelencia de Barcelona el control de las actividades de la cadena de suministro y log\u00edstica del grupo, en especial el \u00e1rea de Europa, Oriente Medio y \u00c1frica.<\/p>\n","protected":false},"author":2,"featured_media":1847,"comment_status":"open","ping_status":"open","sticky":false,"template":"","format":"standard","meta":{"footnotes":""},"categories":[2],"tags":[130,336,1198,95,151],"class_list":["post-1846","post","type-post","status-publish","format-standard","has-post-thumbnail","hentry","category-noticias","tag-130","tag-barcelona","tag-bayer","tag-empleos","tag-profesionales"],"amp_enabled":true,"_links":{"self":[{"href":"https:\/\/sucurriculum.com\/noticias\/wp-json\/wp\/v2\/posts\/1846","targetHints":{"allow":["GET"]}}],"collection":[{"href":"https:\/\/sucurriculum.com\/noticias\/wp-json\/wp\/v2\/posts"}],"about":[{"href":"https:\/\/sucurriculum.com\/noticias\/wp-json\/wp\/v2\/types\/post"}],"author":[{"embeddable":true,"href":"https:\/\/sucurriculum.com\/noticias\/wp-json\/wp\/v2\/users\/2"}],"replies":[{"embeddable":true,"href":"https:\/\/sucurriculum.com\/noticias\/wp-json\/wp\/v2\/comments?post=1846"}],"version-history":[{"count":1,"href":"https:\/\/sucurriculum.com\/noticias\/wp-json\/wp\/v2\/posts\/1846\/revisions"}],"predecessor-version":[{"id":1848,"href":"https:\/\/sucurriculum.com\/noticias\/wp-json\/wp\/v2\/posts\/1846\/revisions\/1848"}],"wp:featuredmedia":[{"embeddable":true,"href":"https:\/\/sucurriculum.com\/noticias\/wp-json\/wp\/v2\/media\/1847"}],"wp:attachment":[{"href":"https:\/\/sucurriculum.com\/noticias\/wp-json\/wp\/v2\/media?parent=1846"}],"wp:term":[{"taxonomy":"category","embeddable":true,"href":"https:\/\/sucurriculum.com\/noticias\/wp-json\/wp\/v2\/categories?post=1846"},{"taxonomy":"post_tag","embeddable":true,"href":"https:\/\/sucurriculum.com\/noticias\/wp-json\/wp\/v2\/tags?post=1846"}],"curies":[{"name":"wp","href":"https:\/\/api.w.org\/{rel}","templated":true}]}}