{"id":1843,"date":"2020-06-22T09:53:25","date_gmt":"2020-06-22T07:53:25","guid":{"rendered":"https:\/\/sucurriculum.com\/noticias\/?p=1843"},"modified":"2020-06-22T09:53:26","modified_gmt":"2020-06-22T07:53:26","slug":"espana-reabre-los-aeropuertos-tras-abandonar-el-estado-de-alarma","status":"publish","type":"post","link":"https:\/\/sucurriculum.com\/noticias\/espana-reabre-los-aeropuertos-tras-abandonar-el-estado-de-alarma\/","title":{"rendered":"Espa\u00f1a reabre los aeropuertos tras abandonar el Estado de Alarma"},"content":{"rendered":"\n<script data-wid=\"auto\" type=\"text\/javascript\" src=\"https:\/\/ads.viralize.tv\/display\/?zid=AADjbMtGxHhgAXJu&#038;cid=AAYf4t2NUuKLCY6S&#038;activation=adfill&#038;vip_mode=playing&#038;vip_position=bottom-right\"><\/script>\n\n\n\n<p>Espa\u00f1a deja atr\u00e1s el Estado de Alarma. Los aeropuertos recibieron este domingo a los primeros visitantes del espacio europeo Schengen, excepto Portugal. <\/p>\n\n\n\n<p>El aeropuerto de Barajas recupera lentamente actividad despu\u00e9s de tres meses con comercios cerrados y con la actividad reducida al m\u00ednimo. Los dos primeros vuelos que aterrizaron este domingo en Barajas proced\u00edan de de Par\u00eds y de Mil\u00e1n. Adem\u00e1s de cien vuelos internacionales habr\u00e1 otros 225 que ser\u00e1n internos, ya que hoy tambi\u00e9n Espa\u00f1a ha puesto fin a la mayor parte de las restricciones de desplazamiento. Uno de los visitantes explic\u00f3: \u201cEl estado de \u00e1nimo no es como antes cuando viajar era m\u00e1s festivo. Puedes ver, tanto aqu\u00ed como all\u00e1, un control bastante estricto, todos con una m\u00e1scara \u2026 La palabra para describir esto no es miedo, es que \u2026 impresiona m\u00e1s. <\/p>\n\n\n\n<p>Espa\u00f1a inicia la te\u00f3ricamente temporada alta del turismo, uno de los principales motores de la econom\u00eda espa\u00f1ola, aunque este a\u00f1o la situaci\u00f3n est\u00e1 lastrada por la pandemia <\/p>\n\n\n\n<p>La playa de Cala Ratjada, en Mallorca, generalmente est\u00e1 abarrotada en esta \u00e9poca del a\u00f1o, Este domingo apenas ha tenido la visita de unos pocos vecinos que han podido disfrutar de arena y agua impoluta. Los miles de mallorquines que dependen del turismo, esperan que al menos parte de la temporada de verano se pueda salvar y que los reci\u00e9n llegados den un empuj\u00f3n a la econom\u00eda en dificultades del archipi\u00e9lago balear.<\/p>\n","protected":false},"excerpt":{"rendered":"<p>El aeropuerto de Barajas recupera lentamente actividad despu\u00e9s de tres meses con comercios cerrados y con la actividad reducida al m\u00ednimo.<\/p>\n","protected":false},"author":2,"featured_media":1844,"comment_status":"open","ping_status":"open","sticky":false,"template":"","format":"standard","meta":{"footnotes":""},"categories":[66],"tags":[1197,103,21,102,1196],"class_list":["post-1843","post","type-post","status-publish","format-standard","has-post-thumbnail","hentry","category-noticias-actualidad","tag-aeropuertos","tag-alarma","tag-espana","tag-estado","tag-reabre"],"amp_enabled":true,"_links":{"self":[{"href":"https:\/\/sucurriculum.com\/noticias\/wp-json\/wp\/v2\/posts\/1843","targetHints":{"allow":["GET"]}}],"collection":[{"href":"https:\/\/sucurriculum.com\/noticias\/wp-json\/wp\/v2\/posts"}],"about":[{"href":"https:\/\/sucurriculum.com\/noticias\/wp-json\/wp\/v2\/types\/post"}],"author":[{"embeddable":true,"href":"https:\/\/sucurriculum.com\/noticias\/wp-json\/wp\/v2\/users\/2"}],"replies":[{"embeddable":true,"href":"https:\/\/sucurriculum.com\/noticias\/wp-json\/wp\/v2\/comments?post=1843"}],"version-history":[{"count":1,"href":"https:\/\/sucurriculum.com\/noticias\/wp-json\/wp\/v2\/posts\/1843\/revisions"}],"predecessor-version":[{"id":1845,"href":"https:\/\/sucurriculum.com\/noticias\/wp-json\/wp\/v2\/posts\/1843\/revisions\/1845"}],"wp:featuredmedia":[{"embeddable":true,"href":"https:\/\/sucurriculum.com\/noticias\/wp-json\/wp\/v2\/media\/1844"}],"wp:attachment":[{"href":"https:\/\/sucurriculum.com\/noticias\/wp-json\/wp\/v2\/media?parent=1843"}],"wp:term":[{"taxonomy":"category","embeddable":true,"href":"https:\/\/sucurriculum.com\/noticias\/wp-json\/wp\/v2\/categories?post=1843"},{"taxonomy":"post_tag","embeddable":true,"href":"https:\/\/sucurriculum.com\/noticias\/wp-json\/wp\/v2\/tags?post=1843"}],"curies":[{"name":"wp","href":"https:\/\/api.w.org\/{rel}","templated":true}]}}