{"id":1840,"date":"2020-06-21T15:34:21","date_gmt":"2020-06-21T13:34:21","guid":{"rendered":"https:\/\/sucurriculum.com\/noticias\/?p=1840"},"modified":"2020-06-21T15:34:22","modified_gmt":"2020-06-21T13:34:22","slug":"cambio-sus-fiestas-por-test-para-detectar-el-coronavirus","status":"publish","type":"post","link":"https:\/\/sucurriculum.com\/noticias\/cambio-sus-fiestas-por-test-para-detectar-el-coronavirus\/","title":{"rendered":"Cambi\u00f3 sus fiestas por test para detectar el coronavirus"},"content":{"rendered":"\n<p>\u201cYo ya llevo bastantes a\u00f1os de alcalde y si algo me ha ense\u00f1ado el cargo es que lo primero, lo segundo, lo tercero y lo cuarto tiene que ser mirar por el bienestar de los vecinos. Y qu\u00e9 mejor que utilizar el dinero que en la salud del pueblo\u201d. Y esa es la m\u00e1xima que ha llevado a Luis Miguel P\u00e9rez a utilizar el presupuesto de las fiestas \u2013suspendidas por la pandemia- para realizar test de covid-19 a todos sus vecinos y as\u00ed tener informaci\u00f3n de primera mano sobre la salud de los habitantes de Navas de San Antonio, un peque\u00f1o pueblo segoviano en las estribaciones de la sierra de Guadarrama.<\/p>\n\n\n\n<p>La propuesta, de car\u00e1cter voluntario y gratuito para los empadronados, tuvo una gran acogida ya que entre el 6 y el 7 de junio se realizaron las pruebas serol\u00f3gicas \u201c303 de los 328 censados, y de ellos hay que excluir a los menores de cinco a\u00f1os\u201d. El resultado, que se acaba de conocer, indica que un 12% de los vecinos ha pasado el coronavirus y cuentan con anticuerpos y que 266 no han sufrido la enfermedad. Tan s\u00f3lo cinco personas han podido encontrarse en una fase leve de infecci\u00f3n con PCR posteriores que han dado negativo.<\/p>\n\n\n\n<p>El alcalde se ha mostrado muy contento por estos resultados que permiten afrontar el futuro con la esperanza de que todo ir\u00e1 bien, pero \u201csiempre que sigamos haciendo las cosas bien y con cuidado\u201d. En ese sentido P\u00e9rez ha asegurado no temer la llegada de madrile\u00f1os durante las pr\u00f3ximas semanas, una vez se levante el estado de alarma.\u201cEn los a\u00f1os sesenta muchos vecinos de este pueblo se fueron a Madrid en busca de trabajo. Quienes ahora vuelven en verano o vacaciones son hijos del pueblo, c\u00f3mo no vamos a querer que vengan. Eso s\u00ed, con las mascarillas, los dos metros de distancia, todo lo que nos han dicho para cuidarnos y ser precavidos\u201d.<\/p>\n\n\n\n<p>P\u00e9rez ha aprovechado \u201cque no todos los d\u00edas me entrevistan en la radio\u201d para expresar a trav\u00e9s de las ondas lo que en privado les ha dicho a muchos de sus vecinos y personal del Ayuntamiento. \u201cLes doy las gracias por c\u00f3mo han llevado el confinamiento y tambi\u00e9n a todos los trabajadores del consistorio y los servicios de limpieza\u201d.<\/p>\n","protected":false},"excerpt":{"rendered":"<p>Lo primero tiene que ser mirar por el bienestar de los vecinos.<\/p>\n","protected":false},"author":2,"featured_media":1841,"comment_status":"open","ping_status":"open","sticky":false,"template":"","format":"standard","meta":{"footnotes":""},"categories":[66],"tags":[1194,4,1195,421,252,460],"class_list":["post-1840","post","type-post","status-publish","format-standard","has-post-thumbnail","hentry","category-noticias-actualidad","tag-cambio","tag-coronavirus","tag-fiestas","tag-por","tag-pueblo","tag-test"],"amp_enabled":true,"_links":{"self":[{"href":"https:\/\/sucurriculum.com\/noticias\/wp-json\/wp\/v2\/posts\/1840","targetHints":{"allow":["GET"]}}],"collection":[{"href":"https:\/\/sucurriculum.com\/noticias\/wp-json\/wp\/v2\/posts"}],"about":[{"href":"https:\/\/sucurriculum.com\/noticias\/wp-json\/wp\/v2\/types\/post"}],"author":[{"embeddable":true,"href":"https:\/\/sucurriculum.com\/noticias\/wp-json\/wp\/v2\/users\/2"}],"replies":[{"embeddable":true,"href":"https:\/\/sucurriculum.com\/noticias\/wp-json\/wp\/v2\/comments?post=1840"}],"version-history":[{"count":1,"href":"https:\/\/sucurriculum.com\/noticias\/wp-json\/wp\/v2\/posts\/1840\/revisions"}],"predecessor-version":[{"id":1842,"href":"https:\/\/sucurriculum.com\/noticias\/wp-json\/wp\/v2\/posts\/1840\/revisions\/1842"}],"wp:featuredmedia":[{"embeddable":true,"href":"https:\/\/sucurriculum.com\/noticias\/wp-json\/wp\/v2\/media\/1841"}],"wp:attachment":[{"href":"https:\/\/sucurriculum.com\/noticias\/wp-json\/wp\/v2\/media?parent=1840"}],"wp:term":[{"taxonomy":"category","embeddable":true,"href":"https:\/\/sucurriculum.com\/noticias\/wp-json\/wp\/v2\/categories?post=1840"},{"taxonomy":"post_tag","embeddable":true,"href":"https:\/\/sucurriculum.com\/noticias\/wp-json\/wp\/v2\/tags?post=1840"}],"curies":[{"name":"wp","href":"https:\/\/api.w.org\/{rel}","templated":true}]}}