{"id":1708,"date":"2020-06-15T10:17:51","date_gmt":"2020-06-15T08:17:51","guid":{"rendered":"https:\/\/sucurriculum.com\/noticias\/?p=1708"},"modified":"2020-06-15T10:18:46","modified_gmt":"2020-06-15T08:18:46","slug":"fuenlabrada-contratara-300-personas-con-su-nuevo-plan-de-empleo","status":"publish","type":"post","link":"https:\/\/sucurriculum.com\/noticias\/fuenlabrada-contratara-300-personas-con-su-nuevo-plan-de-empleo\/","title":{"rendered":"Fuenlabrada contratar\u00e1 300 personas con su nuevo Plan de Empleo"},"content":{"rendered":"\n<figure class=\"wp-block-embed-youtube wp-block-embed is-type-video is-provider-youtube wp-embed-aspect-16-9 wp-has-aspect-ratio\"><div class=\"wp-block-embed__wrapper\">\n<iframe loading=\"lazy\" title=\"Javier Ayala presenta un plan de empleo municipal para paliar la crisis del COVID-19\" width=\"1170\" height=\"658\" src=\"https:\/\/www.youtube.com\/embed\/acrPwKt1OBg?feature=oembed\" frameborder=\"0\" allow=\"accelerometer; autoplay; encrypted-media; gyroscope; picture-in-picture\" allowfullscreen><\/iframe>\n<\/div><\/figure>\n\n\n\n<p>La primera fase de este plan se inicia hoy y permitir\u00e1 contratar a tiempo parcial y durante 6 meses a 100 personas desempleadas para realizar trabajos inter\u00e9s social.<\/p>\n\n\n\n<figure class=\"wp-block-image size-large\"><img loading=\"lazy\" decoding=\"async\" width=\"724\" height=\"1024\" src=\"https:\/\/sucurriculum.com\/noticias\/wp-content\/uploads\/2020\/06\/PLAN-DE-EMPLEO-PRIMERA-FASE-724x1024.jpg\" alt=\"\" class=\"wp-image-1709\" srcset=\"https:\/\/sucurriculum.com\/noticias\/wp-content\/uploads\/2020\/06\/PLAN-DE-EMPLEO-PRIMERA-FASE-724x1024.jpg 724w, https:\/\/sucurriculum.com\/noticias\/wp-content\/uploads\/2020\/06\/PLAN-DE-EMPLEO-PRIMERA-FASE-212x300.jpg 212w, https:\/\/sucurriculum.com\/noticias\/wp-content\/uploads\/2020\/06\/PLAN-DE-EMPLEO-PRIMERA-FASE-768x1087.jpg 768w, https:\/\/sucurriculum.com\/noticias\/wp-content\/uploads\/2020\/06\/PLAN-DE-EMPLEO-PRIMERA-FASE-700x991.jpg 700w, https:\/\/sucurriculum.com\/noticias\/wp-content\/uploads\/2020\/06\/PLAN-DE-EMPLEO-PRIMERA-FASE-410x580.jpg 410w, https:\/\/sucurriculum.com\/noticias\/wp-content\/uploads\/2020\/06\/PLAN-DE-EMPLEO-PRIMERA-FASE-100x142.jpg 100w, https:\/\/sucurriculum.com\/noticias\/wp-content\/uploads\/2020\/06\/PLAN-DE-EMPLEO-PRIMERA-FASE-275x389.jpg 275w, https:\/\/sucurriculum.com\/noticias\/wp-content\/uploads\/2020\/06\/PLAN-DE-EMPLEO-PRIMERA-FASE.jpg 1000w\" sizes=\"auto, (max-width: 724px) 100vw, 724px\" \/><\/figure>\n\n\n\n<p>El Ayuntamiento de Fuenlabrada contratar\u00e1 a 300 personas entre el segundo semestre de este a\u00f1o y el primer semestre de 2021 para que realicen trabajos de inter\u00e9s social. Se trata de una de las principales medidas incluidas en el Plan de Reactivaci\u00f3n Econ\u00f3mica y Protecci\u00f3n Social de la ciudad.<\/p>\n\n\n\n<p>\u201cEl objetivo es ayudar a paliar los efectos que la crisis sanitaria ha producido entre los ciudadanos de Fuenlabrada m\u00e1s desprotegidos\u201d , ha explicado el alcalde de Fuenlabrada, Javier Ayala, quien ha a\u00f1adido que \u201clas personas desempleadas contratadas efectuar\u00e1n trabajos relacionados directamente con los efectos del COVID-19 en el \u00e1mbito de la limpieza y la desinfecci\u00f3n, la atenci\u00f3n social a personas afectada por la crisis del COVID-19, el apoyo y seguimiento a personas mayores, o la reactivaci\u00f3n econ\u00f3mica a trav\u00e9s acciones de asesoramiento y apoyo al comercio de proximidad o a las empresas en crisis\u201d.<\/p>\n\n\n\n<p>Este plan de empleo, dirigido a personas desempleadas que est\u00e9n empadronadas en Fuenlabrada de desarrollar\u00e1 en 3 fases. La primera de ellas se pone en marcha a partir de hoy y permitir\u00e1 cubrir 100 puestos a tiempo parcial y con una duraci\u00f3n de 6 meses.<\/p>\n\n\n\n<p>En total, se contratar\u00e1 a 13 personas para informaci\u00f3n y auxiliar Administrativo, 55 personas de limpieza de espacios interiores, 22 trabajadores de limpieza viaria y<br>10 operarios y operarias de veh\u00edculo para la limpieza de las calles.<\/p>\n\n\n\n<p>Todas aquellas personas interesadas en participar en este plan de empleo deben realizar su inscripci\u00f3n en la Oficina de Empleo de Fuenlabrada a trav\u00e9s del correo electr\u00f3nico o.e.fuenlabrada@madrid.org o de los tel\u00e9fonos 91 615 31 97 y 91 615 36 20. El plazo de inscripci\u00f3n finaliza el d\u00eda 15 de junio a las 14 horas.<\/p>\n\n\n\n<p>Los y las solicitantes tendr\u00e1n que indicar que est\u00e1n interesados en la Oferta del Ayuntamiento de Fuenlabrada y se\u00f1alar el puesto al que optan.<\/p>\n\n\n\n<h3 class=\"wp-block-heading\">Requisitos imprescindibles<\/h3>\n\n\n\n<ul class=\"wp-block-list\"><li>Estar empadronado en Fuenlabrada.<\/li><li>Estar registrado en la Oficina de Empleo de Fuenlabrada en la ocupaci\u00f3n que se solicita.<\/li><li>No percibir ninguna prestaci\u00f3n por desempleo.<\/li><li>Plan de Reactivaci\u00f3n y Protecci\u00f3n<\/li><\/ul>\n\n\n\n<p>El Plan de Reactivaci\u00f3n Econ\u00f3mica y Protecci\u00f3n Social impulsado por el Gobierno municipal ha sido fruto del trabajo de m\u00e1s de un mes en el que han participado los agentes sociales, el tejido asociativo de la ciudad, los grupos pol\u00edticos y la Universidad Rey Juan Carlos.<\/p>\n\n\n\n<p>Dicho plan prev\u00e9, entre otras cuestiones, una ayuda de 400 euros a alrededor de 2.000 personas aut\u00f3nomas y microempresas de la ciudad, una potente inversi\u00f3n en la mejora de la movilidad y la recuperaci\u00f3n del espacio p\u00fablico, la ampliaci\u00f3n de los espacios de terrazas y la reducci\u00f3n de tasas, y otras medidas relacionadas con el refuerzo a las ayudas a las familias, la infancia y los mayores.<\/p>\n","protected":false},"excerpt":{"rendered":"<p>El Ayuntamiento de Fuenlabrada contratar\u00e1 a 300 personas entre el segundo semestre de este a\u00f1o y el primer semestre de 2021 para que realicen trabajos de inter\u00e9s social.<\/p>\n","protected":false},"author":2,"featured_media":1710,"comment_status":"open","ping_status":"open","sticky":false,"template":"","format":"standard","meta":{"footnotes":""},"categories":[65],"tags":[566,552,137,1136,264,529],"class_list":["post-1708","post","type-post","status-publish","format-standard","has-post-thumbnail","hentry","category-ofertas-de-empleo","tag-566","tag-ayuntamiento","tag-empleo","tag-fuenlabrada","tag-personas","tag-plan"],"amp_enabled":true,"_links":{"self":[{"href":"https:\/\/sucurriculum.com\/noticias\/wp-json\/wp\/v2\/posts\/1708","targetHints":{"allow":["GET"]}}],"collection":[{"href":"https:\/\/sucurriculum.com\/noticias\/wp-json\/wp\/v2\/posts"}],"about":[{"href":"https:\/\/sucurriculum.com\/noticias\/wp-json\/wp\/v2\/types\/post"}],"author":[{"embeddable":true,"href":"https:\/\/sucurriculum.com\/noticias\/wp-json\/wp\/v2\/users\/2"}],"replies":[{"embeddable":true,"href":"https:\/\/sucurriculum.com\/noticias\/wp-json\/wp\/v2\/comments?post=1708"}],"version-history":[{"count":2,"href":"https:\/\/sucurriculum.com\/noticias\/wp-json\/wp\/v2\/posts\/1708\/revisions"}],"predecessor-version":[{"id":1712,"href":"https:\/\/sucurriculum.com\/noticias\/wp-json\/wp\/v2\/posts\/1708\/revisions\/1712"}],"wp:featuredmedia":[{"embeddable":true,"href":"https:\/\/sucurriculum.com\/noticias\/wp-json\/wp\/v2\/media\/1710"}],"wp:attachment":[{"href":"https:\/\/sucurriculum.com\/noticias\/wp-json\/wp\/v2\/media?parent=1708"}],"wp:term":[{"taxonomy":"category","embeddable":true,"href":"https:\/\/sucurriculum.com\/noticias\/wp-json\/wp\/v2\/categories?post=1708"},{"taxonomy":"post_tag","embeddable":true,"href":"https:\/\/sucurriculum.com\/noticias\/wp-json\/wp\/v2\/tags?post=1708"}],"curies":[{"name":"wp","href":"https:\/\/api.w.org\/{rel}","templated":true}]}}