{"id":1705,"date":"2020-06-15T10:05:23","date_gmt":"2020-06-15T08:05:23","guid":{"rendered":"https:\/\/sucurriculum.com\/noticias\/?p=1705"},"modified":"2020-06-15T10:05:24","modified_gmt":"2020-06-15T08:05:24","slug":"espana-abrira-el-dia-22-sus-fronteras-salvo-con-portugal","status":"publish","type":"post","link":"https:\/\/sucurriculum.com\/noticias\/espana-abrira-el-dia-22-sus-fronteras-salvo-con-portugal\/","title":{"rendered":"Espa\u00f1a abrir\u00e1 el d\u00eda 22 sus fronteras salvo con Portugal"},"content":{"rendered":"\n<script data-wid=\"auto\" type=\"text\/javascript\" src=\"https:\/\/ads.viralize.tv\/display\/?zid=AADjbMtGxHhgAXJu&#038;cid=AAYaBLNZcCc_fpae&#038;activation=adfill&#038;vip_mode=playing&#038;vip_position=bottom-right\"><\/script>\n\n\n\n<p>Espa\u00f1a abrir\u00e1 sus fronteras con los pa\u00edses del espacio Schengen el pr\u00f3ximo 22 de junio, salvo con Portugal, que ser\u00e1 el 1 de julio. La decisi\u00f3n del Gobierno espa\u00f1ol fue anunciada este domingo por el jefe del Ejecutivo, el socialista Pedro S\u00e1nchez, a los presidentes regionales en la videoconferencia semanal que mantienen desde el inicio de la pandemia de coronavirus. <\/p>\n\n\n\n<p>Las fronteras con Portugal se abrir\u00e1n el 1 de julio en un acto al que asistir\u00e1n S\u00e1nchez, el rey Felipe VI, y el primer ministro portugu\u00e9s, Ant\u00f3nio Costa. El Gobierno espa\u00f1ol manten\u00eda hasta hoy esa misma fecha para los pa\u00edses del espacio Schengen a pesar de la recomendaci\u00f3n de la Comisi\u00f3n Europea de abrirlas antes del 15 de junio. <\/p>\n\n\n\n<p>Espa\u00f1a decret\u00f3 el cierre de fronteras terrestres el pasado 16 de marzo, en plena explosi\u00f3n de la pandemia, y desde entonces solo se permite acceder al pa\u00eds a los ciudadanos espa\u00f1oles, a los residentes, a los trabajadores transfronterizos, a quienes acrediten causas de fuerza mayor o situaci\u00f3n de necesidad, y al transporte de mercanc\u00edas. <\/p>\n\n\n\n<p>El pasado 23 de mayo, cuando ya la pandemia estaba remitiendo, S\u00e1nchez anunci\u00f3 que a partir de julio se abrir\u00edan las fronteras a los visitantes extranjeros de forma segura. <\/p>\n","protected":false},"excerpt":{"rendered":"<p>Espa\u00f1a abrir\u00e1 sus fronteras con los pa\u00edses del espacio Schengen el pr\u00f3ximo 22 de junio, salvo con Portugal, que ser\u00e1 el 1 de julio.<\/p>\n","protected":false},"author":2,"featured_media":1706,"comment_status":"open","ping_status":"open","sticky":false,"template":"","format":"standard","meta":{"footnotes":""},"categories":[66],"tags":[1088,864,21,1134,1135],"class_list":["post-1705","post","type-post","status-publish","format-standard","has-post-thumbnail","hentry","category-noticias-actualidad","tag-1088","tag-abrira","tag-espana","tag-fronteras","tag-portugal"],"amp_enabled":true,"_links":{"self":[{"href":"https:\/\/sucurriculum.com\/noticias\/wp-json\/wp\/v2\/posts\/1705","targetHints":{"allow":["GET"]}}],"collection":[{"href":"https:\/\/sucurriculum.com\/noticias\/wp-json\/wp\/v2\/posts"}],"about":[{"href":"https:\/\/sucurriculum.com\/noticias\/wp-json\/wp\/v2\/types\/post"}],"author":[{"embeddable":true,"href":"https:\/\/sucurriculum.com\/noticias\/wp-json\/wp\/v2\/users\/2"}],"replies":[{"embeddable":true,"href":"https:\/\/sucurriculum.com\/noticias\/wp-json\/wp\/v2\/comments?post=1705"}],"version-history":[{"count":1,"href":"https:\/\/sucurriculum.com\/noticias\/wp-json\/wp\/v2\/posts\/1705\/revisions"}],"predecessor-version":[{"id":1707,"href":"https:\/\/sucurriculum.com\/noticias\/wp-json\/wp\/v2\/posts\/1705\/revisions\/1707"}],"wp:featuredmedia":[{"embeddable":true,"href":"https:\/\/sucurriculum.com\/noticias\/wp-json\/wp\/v2\/media\/1706"}],"wp:attachment":[{"href":"https:\/\/sucurriculum.com\/noticias\/wp-json\/wp\/v2\/media?parent=1705"}],"wp:term":[{"taxonomy":"category","embeddable":true,"href":"https:\/\/sucurriculum.com\/noticias\/wp-json\/wp\/v2\/categories?post=1705"},{"taxonomy":"post_tag","embeddable":true,"href":"https:\/\/sucurriculum.com\/noticias\/wp-json\/wp\/v2\/tags?post=1705"}],"curies":[{"name":"wp","href":"https:\/\/api.w.org\/{rel}","templated":true}]}}