{"id":1243,"date":"2020-05-26T09:06:11","date_gmt":"2020-05-26T07:06:11","guid":{"rendered":"https:\/\/sucurriculum.com\/noticias\/?p=1243"},"modified":"2020-05-26T09:06:11","modified_gmt":"2020-05-26T07:06:11","slug":"el-sepe-habilita-un-correo-especial-para-los-ertes","status":"publish","type":"post","link":"https:\/\/sucurriculum.com\/noticias\/el-sepe-habilita-un-correo-especial-para-los-ertes\/","title":{"rendered":"El SEPE habilita un correo especial para los ERTEs"},"content":{"rendered":"\n<p>Aunque el Ministerio de Trabajo cuantifica en un 2% los trabajadores afectados por Ertes que no han cobrado la prestaci\u00f3n, el Servicio P\u00fablico de Empleo (Sepe) ha habilitado un buz\u00f3n a trav\u00e9s de la direcci\u00f3n de correo electr\u00f3nico miprestacion2020@sepe.es para dar respuesta a la avalancha de quejas de las personas que o no han cobrado todav\u00eda o han cobrado menos de lo que le correspond\u00eda. Los gestores calculan en 900.0000 los trabajadores en Erte que no cobraban a mediados de mayo.<\/p>\n\n\n\n<p>Se puso en marcha ayer mismo para toda Espa\u00f1a, sin distinci\u00f3n de delegaciones provinciales. Por tanto, todav\u00eda es pronto para saber cu\u00e1l es el tiempo de respuesta a los correos. Trabajo ya comunic\u00f3 que si alg\u00fan trabajador ten\u00eda problemas con la prestaci\u00f3n se pusiese en contacto con el Sepe, pero los tel\u00e9fonos est\u00e1n colapsados.<\/p>\n\n\n\n<p>Fuentes de los gestores administrativos declaran que ante el colapso de <a href=\"https:\/\/rec.redsara.es\/registro\/action\/are\/acceso.do\">Rec.redsara<\/a>, la plataforma para el registro p\u00fablico de cualquier documento tramitado ante la Administraci\u00f3n Central, el Sepe tambi\u00e9n puso su disposici\u00f3n un buz\u00f3n. Sin embargo, por un lado, ese sistema no deja constancia de que realmente se ha recibido el correo en el Sepe y, por otro lado, la falta de respuesta o la tardanza.<\/p>\n\n\n\n<p>Sobre el retraso en el abono de las prestaciones, el Servicio P\u00fablico de Empleo Estatal (SEPE) inform\u00f3 ayer de que ha reconocido m\u00e1s del 98% de todas las prestaciones de los Expedientes de Regulaci\u00f3n Temporal de Empleo (ERTE) presentados desde el inicio de la pandemia hasta el d\u00eda de hoy y ya est\u00e1n abonadas a los trabajadores y trabajadoras afectadas. Puesto que cuantifica en m\u00e1s de 3,4 millones de prestaciones de Expedientes de Regulaci\u00f3n Temporal de Empleo concedidas, el 2% supone que unas 68.000 personas todav\u00eda est\u00e1n pendientes de cobre. El problema m\u00e1s frecuente es que en una misma empresa una parte de la plantilla s\u00ed ha cobrado, pero algunos empleados ni han cobrado, ni saben porqu\u00e9.<\/p>\n\n\n\n<p>\u00abEl ritmo de reconocimiento actual en el SEPE ha recuperado la normalidad, pr\u00e1cticamente no hay prestaciones pendientes de reconocer m\u00e1s all\u00e1 de las que estamos subsanando por errores detectados en sus datos y las que han entrado diariamente nuevas, que se est\u00e1n reconociendo\u00bb, se\u00f1ala Gerardo Guti\u00e9rrez Ardoy, director general del Sepe.<\/p>\n\n\n\n<p><strong>Adelanto de los bancos<\/strong><br>Desde Trabajo se insiste que gracias al acuerdo alcanzado con las entidades financieras, las prestaciones pendientes ya est\u00e1n siendo abonadas este mismo mes, dado que el reconocimiento es diario. As\u00ed, seg\u00fan las fuentes del ministerio, las personas cuya prestaci\u00f3n pendiente haya sido reconocida por el Sepe no tendr\u00e1n que esperar hasta el d\u00eda 10 de junio para cobrar la prestaci\u00f3n, como se ven\u00eda haciendo hist\u00f3ricamente en el Sepe y se realiza una actualizaci\u00f3n diaria con las entidades bancarias.<\/p>\n\n\n\n<p>De esta forma, todas las prestaciones pendientes se abonar\u00e1n en este mes de mayo, sin necesidad de esperar al 10 de junio, d\u00eda oficial de la paga de las prestaciones del Sepe. Este convenio, firmado con las entidades financieras y publicado este mismo mes en el BOE, se suma al acuerdo ya alcanzado en abril para adelantar a principios de mes el pago habitual de la prestaci\u00f3n.<\/p>\n","protected":false},"excerpt":{"rendered":"<p>El SEPE ha habilitado un buz\u00f3n para dar respuesta a la avalancha de quejas de las personas que no han cobrado todav\u00eda.<\/p>\n","protected":false},"author":2,"featured_media":1244,"comment_status":"open","ping_status":"open","sticky":false,"template":"","format":"standard","meta":{"footnotes":""},"categories":[2],"tags":[888,671,606,887,42],"class_list":["post-1243","post","type-post","status-publish","format-standard","has-post-thumbnail","hentry","category-noticias","tag-correo","tag-ertes","tag-especial","tag-habilita","tag-sepe"],"amp_enabled":true,"_links":{"self":[{"href":"https:\/\/sucurriculum.com\/noticias\/wp-json\/wp\/v2\/posts\/1243","targetHints":{"allow":["GET"]}}],"collection":[{"href":"https:\/\/sucurriculum.com\/noticias\/wp-json\/wp\/v2\/posts"}],"about":[{"href":"https:\/\/sucurriculum.com\/noticias\/wp-json\/wp\/v2\/types\/post"}],"author":[{"embeddable":true,"href":"https:\/\/sucurriculum.com\/noticias\/wp-json\/wp\/v2\/users\/2"}],"replies":[{"embeddable":true,"href":"https:\/\/sucurriculum.com\/noticias\/wp-json\/wp\/v2\/comments?post=1243"}],"version-history":[{"count":1,"href":"https:\/\/sucurriculum.com\/noticias\/wp-json\/wp\/v2\/posts\/1243\/revisions"}],"predecessor-version":[{"id":1245,"href":"https:\/\/sucurriculum.com\/noticias\/wp-json\/wp\/v2\/posts\/1243\/revisions\/1245"}],"wp:featuredmedia":[{"embeddable":true,"href":"https:\/\/sucurriculum.com\/noticias\/wp-json\/wp\/v2\/media\/1244"}],"wp:attachment":[{"href":"https:\/\/sucurriculum.com\/noticias\/wp-json\/wp\/v2\/media?parent=1243"}],"wp:term":[{"taxonomy":"category","embeddable":true,"href":"https:\/\/sucurriculum.com\/noticias\/wp-json\/wp\/v2\/categories?post=1243"},{"taxonomy":"post_tag","embeddable":true,"href":"https:\/\/sucurriculum.com\/noticias\/wp-json\/wp\/v2\/tags?post=1243"}],"curies":[{"name":"wp","href":"https:\/\/api.w.org\/{rel}","templated":true}]}}