{"id":1240,"date":"2020-05-26T08:49:37","date_gmt":"2020-05-26T06:49:37","guid":{"rendered":"https:\/\/sucurriculum.com\/noticias\/?p=1240"},"modified":"2020-05-26T08:49:37","modified_gmt":"2020-05-26T06:49:37","slug":"andalucia-contratara-3-000-parados-para-vigilar-las-playas","status":"publish","type":"post","link":"https:\/\/sucurriculum.com\/noticias\/andalucia-contratara-3-000-parados-para-vigilar-las-playas\/","title":{"rendered":"Andaluc\u00eda contratar\u00e1 3.000 parados para vigilar las playas"},"content":{"rendered":"\n<p>El presidente de la Junta de Andaluc\u00eda, Juanma Moreno, ha anunciado la puesta en marcha de un plan de empleo para garantizar la apertura de las playas en condiciones de seguridad. <\/p>\n\n\n\n<p>La Junta va a contratar a 3.000 parados para que se encarguen de la labores de vigilancia y control de los mil kil\u00f3metros de playa que tiene la comunidad aut\u00f3noma. <strong>Estos auxiliares de playa se encargar\u00e1n de tareas de seguridad, vigilancia, control de acceso y del aforo de las playas.<\/strong> Un personal que depender\u00e1 de los ayuntamientos y que se coordinar\u00e1 con la Polic\u00eda Local y los agentes de Protecci\u00f3n Civil.<\/p>\n\n\n\n<p>Denominado \u00abPlaya Segura\u00bb este programa elegir\u00e1 a los trabajadores de la bolsa \u00fanica de empleo abierta por la Junta hace varios meses y en la que hay inscritos 564.000 personas y se reincorporar\u00e1n a sus municipios una vez que hayan recibido formaci\u00f3n en la Escuela de Seguridad P\u00fablica de Andaluc\u00eda.<\/p>\n\n\n\n<p>Se trata, seg\u00fan ha dicho Juanma Moreno en su intervenci\u00f3n p\u00fablica tras participar en la Conferencia de Presidentes, de una propuesta pionera del Gobierno andaluz y con la que pretende colaborar en la reactivaci\u00f3n econ\u00f3mica de Andaluc\u00eda. \u00abCon esta decisi\u00f3n damos a los ayuntamientos la posiblidad de dar recursos humanos suficientes\u00bb.<\/p>\n\n\n\n<p>En este sentido, el presidente ha reiterado ante Pedro S\u00e1nchez la necesidad de que el Gobierno central ponga en marcha una estrategia integral para el Turismo con planes de promoci\u00f3n a nivel internacional \u00abque muestren que Espa\u00f1a, el segundo destino tur\u00edstico del mundo, es seguro y cumple con todas las normas\u00bb.<\/p>\n\n\n\n<p>\u00abNo va a ser una temporada normal pero vamos a hacer que se parezca mucho, tanto como sea posible y por eso mantengo todas las semanas m\u00faltiples reuniones con sectores que son clave para la recuperaci\u00f3n econ\u00f3mica y el empleo. El di\u00e1logo es clave para poner en marcha medidas m\u00e1s oportunas y m\u00e1s realistas\u00bb, ha insistido el presidente andaluz.<\/p>\n\n\n\n<p>Moreno ha hecho un discurso de defensa de lo andaluz, \u00abning\u00fan virus nos va a hacer cambiar el car\u00e1cter optimista, alegre, emprendedor ni nuestro ingenio. Nadie nos va a robar esos mil kil\u00f3metros de costa, ning\u00fan virus nos va a quitar nuestro rico patrimonio hist\u00f3rico art\u00edstico, nuestro patrimonio natural ni las magn\u00edficas infraestructuras hoteleras\u00bb.<\/p>\n\n\n\n<p><strong>Necesidad extrema<\/strong><br>Juanma Moreno tambi\u00e9n ha reclamado ante Pedro S\u00e1nchez que el Gobierno pague ya los ERTE a los cien mil trabajadores andaluces que est\u00e1n sujetos a los mismos. \u00abEs una necesidad extrema y urgente de que el Estado pague las prestaciones a todos los trabajadores de los ERTE y tambi\u00e9n a los empresarios y trabajadores que no saben si podr\u00e1n reabrir sus negosios. Har\u00e9 todo lo que est\u00e9 en mi mano para aliviarlo todo lo que sea posible y tan pronto como se pueda\u00bb.<\/p>\n","protected":false},"excerpt":{"rendered":"<p>El presidente de la Junta de Andaluc\u00eda, Juanma Moreno, ha anunciado la puesta en marcha de un plan de empleo para garantizar la apertura de las playas en condiciones de seguridad.<\/p>\n","protected":false},"author":2,"featured_media":1241,"comment_status":"open","ping_status":"open","sticky":false,"template":"","format":"standard","meta":{"footnotes":""},"categories":[65],"tags":[885,575,886,439,822],"class_list":["post-1240","post","type-post","status-publish","format-standard","has-post-thumbnail","hentry","category-ofertas-de-empleo","tag-885","tag-andalucia","tag-contratacion-2","tag-playas","tag-vigilantes"],"amp_enabled":true,"_links":{"self":[{"href":"https:\/\/sucurriculum.com\/noticias\/wp-json\/wp\/v2\/posts\/1240","targetHints":{"allow":["GET"]}}],"collection":[{"href":"https:\/\/sucurriculum.com\/noticias\/wp-json\/wp\/v2\/posts"}],"about":[{"href":"https:\/\/sucurriculum.com\/noticias\/wp-json\/wp\/v2\/types\/post"}],"author":[{"embeddable":true,"href":"https:\/\/sucurriculum.com\/noticias\/wp-json\/wp\/v2\/users\/2"}],"replies":[{"embeddable":true,"href":"https:\/\/sucurriculum.com\/noticias\/wp-json\/wp\/v2\/comments?post=1240"}],"version-history":[{"count":1,"href":"https:\/\/sucurriculum.com\/noticias\/wp-json\/wp\/v2\/posts\/1240\/revisions"}],"predecessor-version":[{"id":1242,"href":"https:\/\/sucurriculum.com\/noticias\/wp-json\/wp\/v2\/posts\/1240\/revisions\/1242"}],"wp:featuredmedia":[{"embeddable":true,"href":"https:\/\/sucurriculum.com\/noticias\/wp-json\/wp\/v2\/media\/1241"}],"wp:attachment":[{"href":"https:\/\/sucurriculum.com\/noticias\/wp-json\/wp\/v2\/media?parent=1240"}],"wp:term":[{"taxonomy":"category","embeddable":true,"href":"https:\/\/sucurriculum.com\/noticias\/wp-json\/wp\/v2\/categories?post=1240"},{"taxonomy":"post_tag","embeddable":true,"href":"https:\/\/sucurriculum.com\/noticias\/wp-json\/wp\/v2\/tags?post=1240"}],"curies":[{"name":"wp","href":"https:\/\/api.w.org\/{rel}","templated":true}]}}