{"id":1234,"date":"2020-05-25T09:25:24","date_gmt":"2020-05-25T07:25:24","guid":{"rendered":"https:\/\/sucurriculum.com\/noticias\/?p=1234"},"modified":"2020-05-25T09:25:25","modified_gmt":"2020-05-25T07:25:25","slug":"lidl-invierte-70-me-en-abrir-nuevas-tiendas","status":"publish","type":"post","link":"https:\/\/sucurriculum.com\/noticias\/lidl-invierte-70-me-en-abrir-nuevas-tiendas\/","title":{"rendered":"Lidl invierte 70 M\u20ac en abrir nuevas tiendas"},"content":{"rendered":"\n<p>Calle Cruz, 69. Torremolinos (M\u00e1laga). Es la \u00faltima apertura que ha llevado a cabo Lidl en Espa\u00f1a. La inversi\u00f3n ha sido de 3,7 millones de euros, tanto en su construcci\u00f3n, como en dotarla del equipamiento necesario. Entre las mejoras, algunas que tienen que ver con la sostenibilidad, como un mejor aprovechamiento de la luz natural, o el control automatizado de las instalaciones.<\/p>\n\n\n\n<p>Con esta apertura, en la que trabajar\u00e1n 22 empleados, siete de ellos nuevas incorporaciones, Lidl contin\u00faa con su expansi\u00f3n. Ya supera los 600 establecimientos. Un desarrollo que no lo ha parado ni el virus. Eso s\u00ed, con la excepci\u00f3n de los d\u00edas en que se decret\u00f3 que las actividades no esenciales deb\u00edan hacer una pausa.<\/p>\n\n\n\n<p>Lidl ha abierto ya 13 tiendas en 2020 y la previsi\u00f3n es que al final de a\u00f1o lleguen a la treintena.<\/p>\n\n\n\n<p>Y es que, en lo que va de a\u00f1o, Lidl lleva invertidos unos 70 millones de euros en la apertura de nuevas tiendas. En concreto, ya son trece las que han abierto sus puertas en 2020. Traducido en puestos de trabajo, han sido 160 nuevas personas las contratadas.<\/p>\n\n\n\n<p>\u201cEn 2020 prevemos mantener un ritmo de crecimiento similar al de los \u00faltimos a\u00f1os. Inauguraremos una treintena de puntos de venta para acercar cada vez m\u00e1s nuestra oferta al consumidor espa\u00f1ol y contribuir tambi\u00e9n al desarrollo econ\u00f3mico y a la dinamizaci\u00f3n del mercado laboral nacional\u201d, se\u00f1alan desde la filial en Espa\u00f1a de la alemana LidlStiftung. Junto a la cadena de hipermercados Kaufland conforman el Grupo Schwarz.<\/p>\n\n\n\n<p><strong>LIDL NO PARA<\/strong><br>Varias han sido las mejoras que ha llevado a cabo Lidl en su nuevo establecimiento en M\u00e1laga. Por ejemplo, ha ampliado m\u00e1s de 400 metros cuadrados la superficie comercial. Ahora se sit\u00faa en 1.400 metros cuadrados. As\u00ed, los clientes disponen de m\u00e1s espacio en los pasillos, a la par que un aumento del surtido ofertado.<\/p>\n\n\n\n<p>Esta pol\u00edtica de expansi\u00f3n, cuyo objetivo es estar cada d\u00eda m\u00e1s cerca del cliente, se inici\u00f3 en 2018 una vez superada la fase de renovaci\u00f3n de los establecimientos ya existentes. As\u00ed, y durante su a\u00f1o fiscal 2019 (del 1 de marzo de 2019 al 28 de febrero de 2020), ha abierto un total de 42 tiendas. De ellas, 29 netas. Las otras 13 son nuevos puntos de venta que sustituyeron a otros. Dos son los motivos de este cambio de look: se hab\u00edan quedado obsoletos, o gozaban de una peor ubicaci\u00f3n.<\/p>\n\n\n\n<p>La Comunidad de Madrid, y la capital, ser\u00e1n el epicentro de las nuevas aperturas. Durante el \u00faltimo lustro, Lidl ha abierto en la Comunidad de Madrid 19 tiendas, invirtiendo cerca de 70 millones de euros, y creando 600 puestos de trabajo. De cara a 2020, la previsi\u00f3n es la de abrir una decena de tiendas m\u00e1s. La inversi\u00f3n ser\u00e1 de unos 45 millones de euros. Fue en la Comunidad de Madrid, concretamente en Tres Cantos, donde la cadena abri\u00f3 su tienda n\u00famero 600.<\/p>\n\n\n\n<p>Aqu\u00ed os dejamos un enlace a la <a href=\"https:\/\/empleo.lidl.es\/es\/busqueda.htm\">web de empleo de la compa\u00f1\u00eda<\/a>. <\/p>\n","protected":false},"excerpt":{"rendered":"<p>Lidl ha abierto ya 13 tiendas en 2020 y la previsi\u00f3n es que al final de a\u00f1o lleguen a la treintena.<\/p>\n","protected":false},"author":2,"featured_media":1235,"comment_status":"open","ping_status":"open","sticky":false,"template":"","format":"standard","meta":{"footnotes":""},"categories":[2],"tags":[623,137,21,881,214,500],"class_list":["post-1234","post","type-post","status-publish","format-standard","has-post-thumbnail","hentry","category-noticias","tag-apertura","tag-empleo","tag-espana","tag-lidl","tag-nuevas","tag-tiendas"],"amp_enabled":true,"_links":{"self":[{"href":"https:\/\/sucurriculum.com\/noticias\/wp-json\/wp\/v2\/posts\/1234","targetHints":{"allow":["GET"]}}],"collection":[{"href":"https:\/\/sucurriculum.com\/noticias\/wp-json\/wp\/v2\/posts"}],"about":[{"href":"https:\/\/sucurriculum.com\/noticias\/wp-json\/wp\/v2\/types\/post"}],"author":[{"embeddable":true,"href":"https:\/\/sucurriculum.com\/noticias\/wp-json\/wp\/v2\/users\/2"}],"replies":[{"embeddable":true,"href":"https:\/\/sucurriculum.com\/noticias\/wp-json\/wp\/v2\/comments?post=1234"}],"version-history":[{"count":1,"href":"https:\/\/sucurriculum.com\/noticias\/wp-json\/wp\/v2\/posts\/1234\/revisions"}],"predecessor-version":[{"id":1236,"href":"https:\/\/sucurriculum.com\/noticias\/wp-json\/wp\/v2\/posts\/1234\/revisions\/1236"}],"wp:featuredmedia":[{"embeddable":true,"href":"https:\/\/sucurriculum.com\/noticias\/wp-json\/wp\/v2\/media\/1235"}],"wp:attachment":[{"href":"https:\/\/sucurriculum.com\/noticias\/wp-json\/wp\/v2\/media?parent=1234"}],"wp:term":[{"taxonomy":"category","embeddable":true,"href":"https:\/\/sucurriculum.com\/noticias\/wp-json\/wp\/v2\/categories?post=1234"},{"taxonomy":"post_tag","embeddable":true,"href":"https:\/\/sucurriculum.com\/noticias\/wp-json\/wp\/v2\/tags?post=1234"}],"curies":[{"name":"wp","href":"https:\/\/api.w.org\/{rel}","templated":true}]}}