{"id":1231,"date":"2020-05-25T09:13:11","date_gmt":"2020-05-25T07:13:11","guid":{"rendered":"https:\/\/sucurriculum.com\/noticias\/?p=1231"},"modified":"2020-05-25T09:13:11","modified_gmt":"2020-05-25T07:13:11","slug":"zamora-abre-el-plazo-para-inscribirse-en-el-plan-de-empleo-forestal","status":"publish","type":"post","link":"https:\/\/sucurriculum.com\/noticias\/zamora-abre-el-plazo-para-inscribirse-en-el-plan-de-empleo-forestal\/","title":{"rendered":"Zamora abre el plazo para inscribirse en el plan de empleo forestal"},"content":{"rendered":"\n<p>La Diputaci\u00f3n de Zamora ha abierto el plazo a los ayuntamientos de la provincia para solicitar el plan de empleo forestal de este a\u00f1o, que permitir\u00e1 la contrataci\u00f3n de 46 trabajadores distribuidos en nueve cuadrillas, lo que supone una persona contratada m\u00e1s que el a\u00f1o pasado.<\/p>\n\n\n\n<p>El Bolet\u00edn Oficial de la Provincia (BOP) recoge la informaci\u00f3n remitida por el vicepresidente tercero y diputado de Medio Ambiente, Javier Fa\u00fandez, a todos los alcaldes de la provincia sobre la apertura del plazo para presentar las solicitudes hasta el pr\u00f3ximo 20 de junio.<\/p>\n\n\n\n<p>La Consejer\u00eda de Fomento y Medio Ambiente de la Junta de Castilla y Le\u00f3n ha concedido una subvenci\u00f3n directa a la Diputaci\u00f3n para la contrataci\u00f3n temporal de personas desempleadas para la realizaci\u00f3n de obras y servicios de inter\u00e9s general y social ligados a programas espec\u00edficos de prevenci\u00f3n de incendios en el interfaz urbano forestal y otros trabajos forestales y de mejora medioambiental.<\/p>\n\n\n\n<p>Las solicitudes podr\u00e1n realizarse mediante registro por <a href=\"http:\/\/www.tramitacastillayleon.jcyl.es\/web\/jcyl\/AdministracionElectronica\/es\/Plantilla100Detalle\/1251181050732\/_\/1200319234088\/DirectorioPadre\">sede electr\u00f3nica<\/a> dirigido al Servicio de Medio Ambiente, junto con el certificado del secretario de puesta a disposici\u00f3n de los terrenos afectados y compromiso de hacerse cargo de los restos, seg\u00fan han informado desde la Diputaci\u00f3n.<\/p>\n\n\n\n<p>El plan forestal, cuya cuant\u00eda ser\u00e1 similar a la del a\u00f1o pasado, permitir\u00e1 repetir la contrataci\u00f3n de nueve cuadrillas.<\/p>\n\n\n\n<p>El objetivo es la prevenci\u00f3n de incendios en el interfaz urbano-forestal de los municipios y, de manera complementaria, se atender\u00e1n otros trabajos de mejora medioambiental de los entornos de los n\u00facleos rurales, como mejora de sendas, de la accesibilidad de las zonas de pesca fluvial, \u00e1reas recreativas y actuaciones en los montes p\u00fablicos de las entidades locales.<\/p>\n\n\n\n<p>El a\u00f1o pasado la iniciativa permiti\u00f3 la contrataci\u00f3n temporal de 45 desempleados, que fueron distribuidos en nueve cuadrillas de cinco personas cada una. Concretamente, hubo dos cuadrillas en Sanabria, dos en Benavente, dos en Alca\u00f1ices, dos en Bermillo de Sayago y una en Villaralbo.<\/p>\n","protected":false},"excerpt":{"rendered":"<p>La Diputaci\u00f3n de Zamora ha abierto el plazo a los ayuntamientos de la provincia para solicitar el plan de empleo forestal de este a\u00f1o<\/p>\n","protected":false},"author":2,"featured_media":1232,"comment_status":"open","ping_status":"open","sticky":false,"template":"","format":"standard","meta":{"footnotes":""},"categories":[620],"tags":[880,137,879,878],"class_list":["post-1231","post","type-post","status-publish","format-standard","has-post-thumbnail","hentry","category-empleo-publico","tag-diputacion","tag-empleo","tag-forestal","tag-zamora"],"amp_enabled":true,"_links":{"self":[{"href":"https:\/\/sucurriculum.com\/noticias\/wp-json\/wp\/v2\/posts\/1231","targetHints":{"allow":["GET"]}}],"collection":[{"href":"https:\/\/sucurriculum.com\/noticias\/wp-json\/wp\/v2\/posts"}],"about":[{"href":"https:\/\/sucurriculum.com\/noticias\/wp-json\/wp\/v2\/types\/post"}],"author":[{"embeddable":true,"href":"https:\/\/sucurriculum.com\/noticias\/wp-json\/wp\/v2\/users\/2"}],"replies":[{"embeddable":true,"href":"https:\/\/sucurriculum.com\/noticias\/wp-json\/wp\/v2\/comments?post=1231"}],"version-history":[{"count":1,"href":"https:\/\/sucurriculum.com\/noticias\/wp-json\/wp\/v2\/posts\/1231\/revisions"}],"predecessor-version":[{"id":1233,"href":"https:\/\/sucurriculum.com\/noticias\/wp-json\/wp\/v2\/posts\/1231\/revisions\/1233"}],"wp:featuredmedia":[{"embeddable":true,"href":"https:\/\/sucurriculum.com\/noticias\/wp-json\/wp\/v2\/media\/1232"}],"wp:attachment":[{"href":"https:\/\/sucurriculum.com\/noticias\/wp-json\/wp\/v2\/media?parent=1231"}],"wp:term":[{"taxonomy":"category","embeddable":true,"href":"https:\/\/sucurriculum.com\/noticias\/wp-json\/wp\/v2\/categories?post=1231"},{"taxonomy":"post_tag","embeddable":true,"href":"https:\/\/sucurriculum.com\/noticias\/wp-json\/wp\/v2\/tags?post=1231"}],"curies":[{"name":"wp","href":"https:\/\/api.w.org\/{rel}","templated":true}]}}