{"id":1222,"date":"2020-05-25T08:31:52","date_gmt":"2020-05-25T06:31:52","guid":{"rendered":"https:\/\/sucurriculum.com\/noticias\/?p=1222"},"modified":"2020-05-25T08:31:53","modified_gmt":"2020-05-25T06:31:53","slug":"espana-se-abrira-al-turismo-este-mes-de-julio","status":"publish","type":"post","link":"https:\/\/sucurriculum.com\/noticias\/espana-se-abrira-al-turismo-este-mes-de-julio\/","title":{"rendered":"Espa\u00f1a se abrir\u00e1 al turismo este mes de julio"},"content":{"rendered":"\n<script data-wid=\"auto\" type=\"text\/javascript\" src=\"https:\/\/ads.viralize.tv\/display\/?zid=AADjbMtGxHhgAXJu&#038;cid=AAYJE-JA84X04uut&#038;activation=adfill&#038;vip_mode=playing&#038;vip_position=bottom-right\"><\/script>\n\n\n\n<p>Pedro S\u00e1nchez ha dado luz verde al turismo extranjero a partir de julio. \u00abInvito p\u00fablicamente a todos los destinos tur\u00edsticos, a los bares, a los restaurantes, a los destinos de playa y del interior, a que se prepare desde hoy para reanudar su actividad en pocos d\u00edas. <\/p>\n\n\n\n<p>A partir del mes de julio se reanudar\u00e1 la entrada de turistas extranjeros en Espa\u00f1a en condiciones de seguridad. Los turistas extranjeros, por lo tanto, pueden desde ya planear sus vacaciones.\u00bb <\/p>\n\n\n\n<p><strong>La Liga de f\u00fatbol de jugar\u00e1 a puertas cerradas a partir del 8 de junio.<\/strong><\/p>\n\n\n\n<p>La Liga espa\u00f1ola de f\u00fatbol se reanudar\u00e1 el 8 de junio a puertas cerradas y podr\u00e1n disputarse las 11 jornadas restantes del campeonato interrumpido por la pandemia\u2026 \u00abLa semana del 8 de junio en que, si todo va bien, se iniciar\u00e1 la frase 3 en gran parte de Espa\u00f1a, por lo que se autorizar\u00e1 la reanudaci\u00f3n de las grandes competiciones deportivas y profesionales, y en particular la liga de f\u00fatbol profesional.<\/p>\n\n\n\n<p> Mientras en Madrid miles de personas convocadas por el partido de ultraderecha Vox se han manifestado este s\u00e1bado para protestar por la gesti\u00f3n de la pandemia del Gobierno de S\u00e1nchez y pedir su dimisi\u00f3n. 6.000 coches y motos han colapsado el centro de Madrid formando un monumental atasco. \u00abEstoy aqu\u00ed para pedirle a este gobierno que termine porque nos est\u00e1n llevando a la ruina. Como trabajador, creo que est\u00e1n manejando muy mal las cosas. \u00a1S\u00e1nchez dimisi\u00f3n!\u00bb.<\/p>\n\n\n\n<p><strong>Luto oficial de 10 d\u00edas y luz verde al turismo extranjero a partir de julio.<\/strong><\/p>\n\n\n\n<p>El Ejecutivo aprobar\u00e1 el pr\u00f3ximo martes un luto oficial de 10 d\u00edas en memoria de las v\u00edctimas del Covid-19. A\u00fan as\u00ed, con menos de 50 fallecidos en las \u00faltimas 24h, Espa\u00f1a comienza a ver el final del t\u00fanel tras un largo confinamiento, uno de los m\u00e1s estrictos en Europa.<\/p>\n","protected":false},"excerpt":{"rendered":"<p>Espa\u00f1a comienza a ver el final del t\u00fanel tras un largo confinamiento, uno de los m\u00e1s estrictos en Europa.<\/p>\n","protected":false},"author":2,"featured_media":1223,"comment_status":"open","ping_status":"open","sticky":false,"template":"","format":"standard","meta":{"footnotes":""},"categories":[66],"tags":[21,809,28,459],"class_list":["post-1222","post","type-post","status-publish","format-standard","has-post-thumbnail","hentry","category-noticias-actualidad","tag-espana","tag-julio","tag-mes","tag-turismo"],"amp_enabled":true,"_links":{"self":[{"href":"https:\/\/sucurriculum.com\/noticias\/wp-json\/wp\/v2\/posts\/1222","targetHints":{"allow":["GET"]}}],"collection":[{"href":"https:\/\/sucurriculum.com\/noticias\/wp-json\/wp\/v2\/posts"}],"about":[{"href":"https:\/\/sucurriculum.com\/noticias\/wp-json\/wp\/v2\/types\/post"}],"author":[{"embeddable":true,"href":"https:\/\/sucurriculum.com\/noticias\/wp-json\/wp\/v2\/users\/2"}],"replies":[{"embeddable":true,"href":"https:\/\/sucurriculum.com\/noticias\/wp-json\/wp\/v2\/comments?post=1222"}],"version-history":[{"count":1,"href":"https:\/\/sucurriculum.com\/noticias\/wp-json\/wp\/v2\/posts\/1222\/revisions"}],"predecessor-version":[{"id":1224,"href":"https:\/\/sucurriculum.com\/noticias\/wp-json\/wp\/v2\/posts\/1222\/revisions\/1224"}],"wp:featuredmedia":[{"embeddable":true,"href":"https:\/\/sucurriculum.com\/noticias\/wp-json\/wp\/v2\/media\/1223"}],"wp:attachment":[{"href":"https:\/\/sucurriculum.com\/noticias\/wp-json\/wp\/v2\/media?parent=1222"}],"wp:term":[{"taxonomy":"category","embeddable":true,"href":"https:\/\/sucurriculum.com\/noticias\/wp-json\/wp\/v2\/categories?post=1222"},{"taxonomy":"post_tag","embeddable":true,"href":"https:\/\/sucurriculum.com\/noticias\/wp-json\/wp\/v2\/tags?post=1222"}],"curies":[{"name":"wp","href":"https:\/\/api.w.org\/{rel}","templated":true}]}}