{"id":1219,"date":"2020-05-25T08:08:28","date_gmt":"2020-05-25T06:08:28","guid":{"rendered":"https:\/\/sucurriculum.com\/noticias\/?p=1219"},"modified":"2020-05-25T08:08:28","modified_gmt":"2020-05-25T06:08:28","slug":"en-finlandia-ensenan-a-los-alumnos-que-informacion-es-fiable-y-cual-no","status":"publish","type":"post","link":"https:\/\/sucurriculum.com\/noticias\/en-finlandia-ensenan-a-los-alumnos-que-informacion-es-fiable-y-cual-no\/","title":{"rendered":"En Finlandia ense\u00f1an a los alumnos que informaci\u00f3n es fiable y cu\u00e1l no"},"content":{"rendered":"\n<p>El gobierno finlandes ense\u00f1a a sus alumnos a localizar cu\u00e1les son las fuentes fiables y defenderse de la desinformaci\u00f3n de los medios de comunicaci\u00f3n, fundamental en los tiempos que corren (infodemia).<\/p>\n\n\n\n<p>El t\u00e9rmino infodemia hace referencia a la sobreabundancia de informaci\u00f3n basura en lugar de datos que aporten claridad al asunto tratado.<\/p>\n\n\n\n<p>En 2016, este pa\u00eds introdujo la alfabetizaci\u00f3n a las noticias y la ense\u00f1anza del pensamiento cr\u00edtico en el programa escolar nacional. Gracias a esto los alumnos aprenden lo f\u00e1cil que puede ser mentir con las estad\u00edsticas o c\u00f3mo se puede manipular el significado de una imagen. Dentro de este marco se analizan con ejemplos reales las campa\u00f1as de propaganda y desinformaci\u00f3n m\u00e1s importantes del siglo pasado en Historia.<\/p>\n\n\n\n<p>El objetivo del ministro de educaci\u00f3n de Finlandia es formar ciudadanos activos y responsables. El pensamiento cr\u00edtico, la verificaci\u00f3n de los hechos y el aprendizaje para evaluar la informaci\u00f3n que recibimos son cuestiones cruciales. Y hoy son una parte fundamental de nuestro programa, a trav\u00e9s de todas las asignaturas\u00bb, contin\u00faa la educadora.<\/p>\n\n\n\n<p>Dentro de este ense\u00f1anza tratan de erradicar el t\u00e9rmino \u00abfake news\u00bb y lo reemplazan por \u00abinformaci\u00f3n err\u00f3nea\u00bb, \u00abdesinformaci\u00f3n\u00bb o \u00absuposiciones\u00bb, pues prioriza la importancia de un enfoque cr\u00edtico, pero no esc\u00e9ptico pensando en que \u201ctodos mienten\u201d.<\/p>\n","protected":false},"excerpt":{"rendered":"<p>El gobierno finlandes ense\u00f1a a sus alumnos a localizar cu\u00e1les son las fuentes fiables y defenderse de la desinformaci\u00f3n de los medios de comunicaci\u00f3n, fundamental en los tiempos que corren (infodemia).<\/p>\n","protected":false},"author":2,"featured_media":1220,"comment_status":"open","ping_status":"open","sticky":false,"template":"","format":"standard","meta":{"footnotes":""},"categories":[66],"tags":[870,872,869,871],"class_list":["post-1219","post","type-post","status-publish","format-standard","has-post-thumbnail","hentry","category-noticias-actualidad","tag-alumnos","tag-fiable","tag-finlandia","tag-informacion"],"amp_enabled":true,"_links":{"self":[{"href":"https:\/\/sucurriculum.com\/noticias\/wp-json\/wp\/v2\/posts\/1219","targetHints":{"allow":["GET"]}}],"collection":[{"href":"https:\/\/sucurriculum.com\/noticias\/wp-json\/wp\/v2\/posts"}],"about":[{"href":"https:\/\/sucurriculum.com\/noticias\/wp-json\/wp\/v2\/types\/post"}],"author":[{"embeddable":true,"href":"https:\/\/sucurriculum.com\/noticias\/wp-json\/wp\/v2\/users\/2"}],"replies":[{"embeddable":true,"href":"https:\/\/sucurriculum.com\/noticias\/wp-json\/wp\/v2\/comments?post=1219"}],"version-history":[{"count":1,"href":"https:\/\/sucurriculum.com\/noticias\/wp-json\/wp\/v2\/posts\/1219\/revisions"}],"predecessor-version":[{"id":1221,"href":"https:\/\/sucurriculum.com\/noticias\/wp-json\/wp\/v2\/posts\/1219\/revisions\/1221"}],"wp:featuredmedia":[{"embeddable":true,"href":"https:\/\/sucurriculum.com\/noticias\/wp-json\/wp\/v2\/media\/1220"}],"wp:attachment":[{"href":"https:\/\/sucurriculum.com\/noticias\/wp-json\/wp\/v2\/media?parent=1219"}],"wp:term":[{"taxonomy":"category","embeddable":true,"href":"https:\/\/sucurriculum.com\/noticias\/wp-json\/wp\/v2\/categories?post=1219"},{"taxonomy":"post_tag","embeddable":true,"href":"https:\/\/sucurriculum.com\/noticias\/wp-json\/wp\/v2\/tags?post=1219"}],"curies":[{"name":"wp","href":"https:\/\/api.w.org\/{rel}","templated":true}]}}