{"id":1215,"date":"2020-05-22T08:49:58","date_gmt":"2020-05-22T06:49:58","guid":{"rendered":"https:\/\/sucurriculum.com\/noticias\/?p=1215"},"modified":"2020-05-22T08:49:59","modified_gmt":"2020-05-22T06:49:59","slug":"la-ceoe-da-por-roto-el-dialogo-social-con-el-gobierno","status":"publish","type":"post","link":"https:\/\/sucurriculum.com\/noticias\/la-ceoe-da-por-roto-el-dialogo-social-con-el-gobierno\/","title":{"rendered":"La CEOE da por roto el di\u00e1logo social con el Gobierno"},"content":{"rendered":"\n<p>La CEOE ha dado un golpe sobre la mesa tras el acuerdo de los partidos de gobierno, PSOE y Podemos, con EH Bildu, para derogar la reforma laboral. Esta misma ma\u00f1ana, la patronal ha mandado un duro comunicado junto a Cepyme rechazando este acuerdo, para el que no se ha contado con los agentes sociales, y a medio d\u00eda, en una reuni\u00f3n interna, la confederaci\u00f3n presidida por Antonio Garamendiha decidido romper el di\u00e1logo social con el Ejecutivo, al que exige explicaciones sobre este acuerdo.<\/p>\n\n\n\n<p>Por lo pronto, la patronal ha cancelado la reuni\u00f3n prevista esta tarde con el ministro de Migraciones y Seguridad Social, Jos\u00e9 Luis Escriv\u00e1, en la que se iba a poner sobre la mesa el ingreso m\u00ednimo vital que el Gobierno quiere aprobar en el Consejo de Ministros del pr\u00f3ximo martes.<\/p>\n\n\n\n<p>Adem\u00e1s la patronal no asistir\u00e1 a nuevas reuniones hasta que el Gobierno d\u00e9 explicaciones. La pr\u00f3xima semana estaba cerrada una tripartita, pero desde la confederaci\u00f3n est\u00e1n a la espera de esas explicaciones, por lo que el encuentro est\u00e1 en el aire.<\/p>\n\n\n\n<p>Adem\u00e1s de la decisi\u00f3n de los partidos de gobierno sin contar con los agentes sociales, quieren que aclaren la pol\u00e9mica por lo que abarcar\u00e1 la derogaci\u00f3n, si finalmente ser\u00e1 \u00edntegra como asegura Podemos y como figura en el acuerdo firmado o ser\u00e1 parcial, como dice el PSOE. \u00abSi finalmente es total no tenemos por qu\u00e9 sentarnos porque ya est\u00e1 todo decidido\u00bb, ha se\u00f1alado el presidente de CEOE, Antonio Garamendi, que considera que los pasos dados por el Ejecutivo \u00abvan en sentido contrario a las agujas del reloj\u00bb.<\/p>\n\n\n\n<p><strong>\u00abDesprecio indignante\u00bb al di\u00e1logo social<\/strong><br>El acuerdo entre PSOE, Podemos y EH Bildu ha ca\u00eddo como un jarro de agua fr\u00eda en la patronal, que esta misma ma\u00f1ana ha calificado el pacto de \u00abdesprecio indignante\u00bb al di\u00e1logo social, \u00abal que dinamita\u00bb; al papel que la propia Constituci\u00f3n otorga a los agentes sociales, y a las propias instituciones del Estado \u00aben el momento m\u00e1s delicado de la econom\u00eda espa\u00f1ola y, por tanto, cuando este di\u00e1logo se hace m\u00e1s necesario\u00bb.<\/p>\n\n\n\n<p>Las patronales CEOE y Cepyme advierten adem\u00e1s de que el acuerdo con Bildu \u00abdesoye tambi\u00e9n\u00bb las recomendaciones que lanz\u00f3 este mi\u00e9rcoles la Comisi\u00f3n Europea, en las que plantea la necesidad de fundamentar la recuperaci\u00f3n a medio plazo en medidas de apoyo al empleo tomadas de acuerdo con los agentes sociales.<\/p>\n\n\n\n<p>\u00abEl pacto alcanzado es de una irresponsabilidad may\u00fascula y tendr\u00e1 unas consecuencias negativas incalculables en la econom\u00eda espa\u00f1ola y en la confianza empresarial tanto nacional como internacional, que impactar\u00e1n de forma profundamente negativa en el empleo\u00bb, recalcan en el comunicado conjunto.<\/p>\n","protected":false},"excerpt":{"rendered":"<p>La CEOE ha dado un golpe sobre la mesa tras el acuerdo de los partidos de gobierno, PSOE y Podemos, con EH Bildu, para derogar la reforma laboral. <\/p>\n","protected":false},"author":2,"featured_media":1216,"comment_status":"open","ping_status":"open","sticky":false,"template":"","format":"standard","meta":{"footnotes":""},"categories":[2],"tags":[867,36,377,866,868],"class_list":["post-1215","post","type-post","status-publish","format-standard","has-post-thumbnail","hentry","category-noticias","tag-dialogo","tag-gobierno","tag-laboral","tag-reforma","tag-roto"],"amp_enabled":true,"_links":{"self":[{"href":"https:\/\/sucurriculum.com\/noticias\/wp-json\/wp\/v2\/posts\/1215","targetHints":{"allow":["GET"]}}],"collection":[{"href":"https:\/\/sucurriculum.com\/noticias\/wp-json\/wp\/v2\/posts"}],"about":[{"href":"https:\/\/sucurriculum.com\/noticias\/wp-json\/wp\/v2\/types\/post"}],"author":[{"embeddable":true,"href":"https:\/\/sucurriculum.com\/noticias\/wp-json\/wp\/v2\/users\/2"}],"replies":[{"embeddable":true,"href":"https:\/\/sucurriculum.com\/noticias\/wp-json\/wp\/v2\/comments?post=1215"}],"version-history":[{"count":1,"href":"https:\/\/sucurriculum.com\/noticias\/wp-json\/wp\/v2\/posts\/1215\/revisions"}],"predecessor-version":[{"id":1217,"href":"https:\/\/sucurriculum.com\/noticias\/wp-json\/wp\/v2\/posts\/1215\/revisions\/1217"}],"wp:featuredmedia":[{"embeddable":true,"href":"https:\/\/sucurriculum.com\/noticias\/wp-json\/wp\/v2\/media\/1216"}],"wp:attachment":[{"href":"https:\/\/sucurriculum.com\/noticias\/wp-json\/wp\/v2\/media?parent=1215"}],"wp:term":[{"taxonomy":"category","embeddable":true,"href":"https:\/\/sucurriculum.com\/noticias\/wp-json\/wp\/v2\/categories?post=1215"},{"taxonomy":"post_tag","embeddable":true,"href":"https:\/\/sucurriculum.com\/noticias\/wp-json\/wp\/v2\/tags?post=1215"}],"curies":[{"name":"wp","href":"https:\/\/api.w.org\/{rel}","templated":true}]}}