{"id":1210,"date":"2020-05-22T02:25:16","date_gmt":"2020-05-22T00:25:16","guid":{"rendered":"https:\/\/sucurriculum.com\/noticias\/?p=1210"},"modified":"2020-05-22T02:25:16","modified_gmt":"2020-05-22T00:25:16","slug":"las-oficinas-del-sepe-ya-no-reabriran-este-lunes","status":"publish","type":"post","link":"https:\/\/sucurriculum.com\/noticias\/las-oficinas-del-sepe-ya-no-reabriran-este-lunes\/","title":{"rendered":"Las oficinas del SEPE ya no reabrir\u00e1n este lunes"},"content":{"rendered":"\n<p>La red de oficinas del Servicio Estatal P\u00fablico de Empleo (SEPE) podr\u00edan retrasar la apertura de sus puertas al p\u00fablico hasta verano, m\u00e1s tarde que otras \u00e1reas de la Administraci\u00f3n P\u00fablica que comenzar\u00e1n desde el pr\u00f3ximo lunes a retomar la actividad.<\/p>\n\n\n\n<p>El SEPE est\u00e1 considerado servicio esencial dentro de la Administraci\u00f3n, si bien le ha tocado afrontar en los \u00faltimos tres meses una situaci\u00f3n extraordinaria. En todo el periodo que abarca desde el pasado 16 de marzo ha mantenido cerrada su red de oficinas pero al mismo tiempo ha multiplicado su producci\u00f3n. Ha tramitado a trav\u00e9s del teletrabajo una avalancha de expedientes que corresponden a 3,2 millones de trabajadores afectados por expedientes de regulaci\u00f3n temporal de empleo (ERTE) m\u00e1s los despidos de otros 900.000, adem\u00e1s de los 2,1 millones de prestaciones que ya tramitaba y otros subsidios.<\/p>\n\n\n\n<p><strong>La demanda para resolver estos aproximadamente seis millones de casos con una plantilla de 7.000 trabajadores ha provocado importantes retrasos en el pago de prestaciones. La inquietud causada entre los beneficiarios de estos abonos -que ha llegado a provocar episodios de acoso e insultos- y la necesidad de contar con un protocolo de riesgos para evitar contagios llevaron ayer a los trabajadores del SEPE a pedir al organismo que retrase la apertura de oficinas hasta que est\u00e9 todo el sistema de pagos en orden. <\/strong>Fuentes asistentes a esta reuni\u00f3n indicaron que se da por hecho que no se abrir\u00e1 la semana que viene y que no se negoci\u00f3 una fecha concreta, ni siquiera del mes que viene.<\/p>\n\n\n\n<p>El n\u00famero de beneficiarios que no han cobrado sus prestaciones o las han cobrado mal no se conoce con precisi\u00f3n. Desde el pasado mes de abril, el Ministerio de Trabajo viene repitiendo que no hay m\u00e1s problema que el de el volumen de expedientes que ha reca\u00eddo sobre los trabajadores del SEPE.<\/p>\n\n\n\n<p>El Colegio de Gestores Administrativos indic\u00f3 ayer que la cifra pod\u00eda ascender a 900.000. En este sentido, el sindicato CSIF destac\u00f3 ayer que miles de personas afectadas por un ERTE y otras circunstancias siguen pendientes de percibir la prestaci\u00f3n, \u00abpese a las reiteradas afirmaciones por parte de la Ministra de Trabajo en las que indica ser una cuesti\u00f3n resuelta\u00bb. El sindicato se\u00f1ala que \u00abesta situaci\u00f3n genera incertidumbre, decepci\u00f3n y desde luego vulnerabilidad en este colectivo de desempleados, que traslada su profundo malestar a los trabajadores del SEPE, que son quienes dan la cara con su trabajo diario ante la irresponsabilidad reiterada de las declaraciones pol\u00edticas\u00bb.<\/p>\n\n\n\n<p>El protocolo para reabrir la red se complica cuando las oficinas de la Administraci\u00f3n central se comparten con las auton\u00f3micas. En Catalu\u00f1a, el secretario de Trabajo de CCOO, Ricard Bellera, se\u00f1al\u00f3 que el sindicato ha trasladado al SEPE en solo una semana hasta 140 reclamaciones colectivas que afectan a m\u00e1s de 12.000 trabajadores que est\u00e1n sin cobrar o que solo lo han hecho parcialmente.<\/p>\n\n\n\n<p>S\u00f3lo en Catalu\u00f1a, el SEPE ha admitido que el n\u00famero de trabajadores afectados por un ERTE que a\u00fan no han cobrado en Catalu\u00f1a por no tener reconocida la prestaci\u00f3n podr\u00edan llegar a 70.000, informa Efe.<\/p>\n","protected":false},"excerpt":{"rendered":"<p>La red de oficinas del Servicio Estatal P\u00fablico de Empleo (SEPE) podr\u00edan retrasar la apertura de sus puertas al p\u00fablico hasta verano<\/p>\n","protected":false},"author":2,"featured_media":1211,"comment_status":"open","ping_status":"open","sticky":false,"template":"","format":"standard","meta":{"footnotes":""},"categories":[66],"tags":[865,172,22,863,42],"class_list":["post-1210","post","type-post","status-publish","format-standard","has-post-thumbnail","hentry","category-noticias-actualidad","tag-abriran","tag-lunes","tag-no","tag-oficianas","tag-sepe"],"amp_enabled":true,"_links":{"self":[{"href":"https:\/\/sucurriculum.com\/noticias\/wp-json\/wp\/v2\/posts\/1210","targetHints":{"allow":["GET"]}}],"collection":[{"href":"https:\/\/sucurriculum.com\/noticias\/wp-json\/wp\/v2\/posts"}],"about":[{"href":"https:\/\/sucurriculum.com\/noticias\/wp-json\/wp\/v2\/types\/post"}],"author":[{"embeddable":true,"href":"https:\/\/sucurriculum.com\/noticias\/wp-json\/wp\/v2\/users\/2"}],"replies":[{"embeddable":true,"href":"https:\/\/sucurriculum.com\/noticias\/wp-json\/wp\/v2\/comments?post=1210"}],"version-history":[{"count":1,"href":"https:\/\/sucurriculum.com\/noticias\/wp-json\/wp\/v2\/posts\/1210\/revisions"}],"predecessor-version":[{"id":1212,"href":"https:\/\/sucurriculum.com\/noticias\/wp-json\/wp\/v2\/posts\/1210\/revisions\/1212"}],"wp:featuredmedia":[{"embeddable":true,"href":"https:\/\/sucurriculum.com\/noticias\/wp-json\/wp\/v2\/media\/1211"}],"wp:attachment":[{"href":"https:\/\/sucurriculum.com\/noticias\/wp-json\/wp\/v2\/media?parent=1210"}],"wp:term":[{"taxonomy":"category","embeddable":true,"href":"https:\/\/sucurriculum.com\/noticias\/wp-json\/wp\/v2\/categories?post=1210"},{"taxonomy":"post_tag","embeddable":true,"href":"https:\/\/sucurriculum.com\/noticias\/wp-json\/wp\/v2\/tags?post=1210"}],"curies":[{"name":"wp","href":"https:\/\/api.w.org\/{rel}","templated":true}]}}