{"id":121,"date":"2020-04-03T17:05:51","date_gmt":"2020-04-03T15:05:51","guid":{"rendered":"https:\/\/sucurriculum.com\/noticias\/?p=121"},"modified":"2020-04-03T17:16:10","modified_gmt":"2020-04-03T15:16:10","slug":"muy-aplaudidas-las-palabras-de-joaquin-prat-al-estallar-contra-los-politicos-que-cobran-dietas-durante-el-confinamiento-y-parece-que-ha-surgido-efecto","status":"publish","type":"post","link":"https:\/\/sucurriculum.com\/noticias\/muy-aplaudidas-las-palabras-de-joaquin-prat-al-estallar-contra-los-politicos-que-cobran-dietas-durante-el-confinamiento-y-parece-que-ha-surgido-efecto\/","title":{"rendered":"Muy aplaudidas las palabras de Joaqu\u00edn Prat al estallar contra los pol\u00edticos que cobran dietas durante el confinamiento&#8230; y parece que ha dado efecto"},"content":{"rendered":"\n<p><strong>Joaqu\u00edn Prat, presentador de Cuatro al d\u00eda<\/strong> , se ha convertido en fen\u00f3meno viral por el monumental enfado que se pill\u00f3 este mi\u00e9rcoles al conocer que pol\u00edticos como diputados y senadores siguen cobrando los pluses de las dietas y desplazamientos para acudir a sede parlamentaria, pese a que nos encontramos en estado de alarma y, por tanto, en pleno confinamiento.<\/p>\n\n\n\n<figure class=\"wp-block-embed-facebook wp-block-embed is-type-rich is-provider-facebook\"><div class=\"wp-block-embed__wrapper\">\n<div id=\"fb-root\"><\/div><script async=\"1\" defer=\"1\" crossorigin=\"anonymous\" src=\"https:\/\/connect.facebook.net\/es_LA\/sdk.js#xfbml=1&amp;version=v6.0\"><\/script><div class=\"fb-post\" data-href=\"https:\/\/www.facebook.com\/blogsucurriculum\/posts\/1649755518524141\" data-width=\"750\"><blockquote cite=\"https:\/\/www.facebook.com\/blogsucurriculum\/posts\/1649755518524141\" class=\"fb-xfbml-parse-ignore\"><p>Da igual colores&#8230; Todos<\/p>Publicado por <a href=\"https:\/\/www.facebook.com\/blogsucurriculum\/\">SuCurriculum<\/a> en&nbsp;<a href=\"https:\/\/www.facebook.com\/blogsucurriculum\/posts\/1649755518524141\">Jueves, 2 de abril de 2020<\/a><\/blockquote><\/div>\n<\/div><figcaption>V\u00eddeo<\/figcaption><\/figure>\n\n\n\n<p>Parece que las palabras de Joaqu\u00edn han dado sus frutos y algunos pol\u00edticos se han dado por aludidos<\/p>\n\n\n\n<p><strong>Od\u00f3n Elorza, diputado del PSOE por Gip\u00fazcua<\/strong>, ya ha anunciado a trav\u00e9s de Twitter que renuncia al cobro de la dieta del Congreso, correspondiente a 1.900 euros, por \u00abrazones de \u00e9tica\u00bb: \u00abEs una decisi\u00f3n personal; por no utilizarla al estar confinado\u00bb.<\/p>\n\n\n\n<figure class=\"wp-block-embed-twitter wp-block-embed is-type-rich is-provider-twitter\"><div class=\"wp-block-embed__wrapper\">\n<blockquote class=\"twitter-tweet\" data-width=\"550\" data-dnt=\"true\"><p lang=\"es\" dir=\"ltr\">\ud83c\udfdbHoy he RENUNCIADO al cobro de la dieta del Congreso para gastos de desplazamiento (1.900 \u20ac) en la n\u00f3mina de abril por no utilizarla al estar confinado.<br>Razones de \u00e9tica, en una decisi\u00f3n personal, ya me llevaron a solicitarlo a la Presidenta del <a href=\"https:\/\/twitter.com\/Congreso_Es?ref_src=twsrc%5Etfw\">@Congreso_Es<\/a> el 14 y 21 d marzo. <a href=\"https:\/\/t.co\/lPeKrN97KF\">pic.twitter.com\/lPeKrN97KF<\/a><\/p>&mdash; Od\u00f3n Elorza (@odonelorza2011) <a href=\"https:\/\/twitter.com\/odonelorza2011\/status\/1245634881838706689?ref_src=twsrc%5Etfw\">April 2, 2020<\/a><\/blockquote><script async src=\"https:\/\/platform.twitter.com\/widgets.js\" charset=\"utf-8\"><\/script>\n<\/div><\/figure>\n\n\n\n<p>El grupo socialista en el Senado ha confirmado que lo har\u00e1n todos los senadores, mientras que Javier Santiago, senador del PP, ya ha destinado esos gastos a la lucha contra el COVID-19.<\/p>\n\n\n\n<figure class=\"wp-block-embed-twitter wp-block-embed is-type-rich is-provider-twitter\"><div class=\"wp-block-embed__wrapper\">\n<blockquote class=\"twitter-tweet\" data-width=\"550\" data-dnt=\"true\"><p lang=\"es\" dir=\"ltr\">Los senadores y senadoras socialistas destinar\u00e1n a entidades sociales las indemnizaciones por los costes de representaci\u00f3n en el tiempo que dure el confinamiento debido al <a href=\"https:\/\/twitter.com\/hashtag\/COVID19?src=hash&amp;ref_src=twsrc%5Etfw\">#COVID19<\/a> <a href=\"https:\/\/twitter.com\/hashtag\/EsteVirusLoParamosUnidos?src=hash&amp;ref_src=twsrc%5Etfw\">#EsteVirusLoParamosUnidos<\/a><\/p>&mdash; PSOE SENADO (@gpssenado) <a href=\"https:\/\/twitter.com\/gpssenado\/status\/1245672428950429696?ref_src=twsrc%5Etfw\">April 2, 2020<\/a><\/blockquote><script async src=\"https:\/\/platform.twitter.com\/widgets.js\" charset=\"utf-8\"><\/script>\n<\/div><\/figure>\n\n\n\n<p>Qu\u00e9 opinas?<\/p>\n","protected":false},"excerpt":{"rendered":"<p>Joaqu\u00edn Prat, presentador de Cuatro al d\u00eda , se ha convertido en fen\u00f3meno viral por el monumental enfado que se pill\u00f3 este mi\u00e9rcoles al conocer que pol\u00edticos como diputados y senadores siguen cobrando los pluses de las dietas y desplazamientos para acudir a sede parlamentaria, pese a que nos encontramos en estado de alarma y, por tanto, en pleno confinamiento.<\/p>\n","protected":false},"author":1,"featured_media":122,"comment_status":"open","ping_status":"open","sticky":false,"template":"","format":"standard","meta":{"footnotes":""},"categories":[66],"tags":[83,82],"class_list":["post-121","post","type-post","status-publish","format-standard","has-post-thumbnail","hentry","category-noticias-actualidad","tag-dietas","tag-joaquin-prat"],"amp_enabled":true,"_links":{"self":[{"href":"https:\/\/sucurriculum.com\/noticias\/wp-json\/wp\/v2\/posts\/121","targetHints":{"allow":["GET"]}}],"collection":[{"href":"https:\/\/sucurriculum.com\/noticias\/wp-json\/wp\/v2\/posts"}],"about":[{"href":"https:\/\/sucurriculum.com\/noticias\/wp-json\/wp\/v2\/types\/post"}],"author":[{"embeddable":true,"href":"https:\/\/sucurriculum.com\/noticias\/wp-json\/wp\/v2\/users\/1"}],"replies":[{"embeddable":true,"href":"https:\/\/sucurriculum.com\/noticias\/wp-json\/wp\/v2\/comments?post=121"}],"version-history":[{"count":3,"href":"https:\/\/sucurriculum.com\/noticias\/wp-json\/wp\/v2\/posts\/121\/revisions"}],"predecessor-version":[{"id":126,"href":"https:\/\/sucurriculum.com\/noticias\/wp-json\/wp\/v2\/posts\/121\/revisions\/126"}],"wp:featuredmedia":[{"embeddable":true,"href":"https:\/\/sucurriculum.com\/noticias\/wp-json\/wp\/v2\/media\/122"}],"wp:attachment":[{"href":"https:\/\/sucurriculum.com\/noticias\/wp-json\/wp\/v2\/media?parent=121"}],"wp:term":[{"taxonomy":"category","embeddable":true,"href":"https:\/\/sucurriculum.com\/noticias\/wp-json\/wp\/v2\/categories?post=121"},{"taxonomy":"post_tag","embeddable":true,"href":"https:\/\/sucurriculum.com\/noticias\/wp-json\/wp\/v2\/tags?post=121"}],"curies":[{"name":"wp","href":"https:\/\/api.w.org\/{rel}","templated":true}]}}