{"id":1207,"date":"2020-05-22T02:06:00","date_gmt":"2020-05-22T00:06:00","guid":{"rendered":"https:\/\/sucurriculum.com\/noticias\/?p=1207"},"modified":"2020-05-22T02:06:01","modified_gmt":"2020-05-22T00:06:01","slug":"el-ingreso-minimo-vital-con-hijos-a-cargo-cobraran-automaticamente-el-1-de-junio","status":"publish","type":"post","link":"https:\/\/sucurriculum.com\/noticias\/el-ingreso-minimo-vital-con-hijos-a-cargo-cobraran-automaticamente-el-1-de-junio\/","title":{"rendered":"El Ingreso M\u00ednimo Vital con hijos a cargo cobrar\u00e1n autom\u00e1ticamente el 1 de junio"},"content":{"rendered":"\n<p>En los pr\u00f3ximos d\u00edas est\u00e1 previsto que apruebe el Gobierno en consejo de ministros el esperado Ingreso M\u00ednimo Vital que ser\u00e1 prioritario para las familias que ya perciben una asignaci\u00f3n econ\u00f3mica por hijos a cargo a cuenta de la Seguridad Social.<\/p>\n\n\n\n<p><strong>Antes de finales de este mes de mayo est\u00e1 previsto sea aprobada esta ayuda y para estas familias ya sabemos que no tendr\u00e1n que cursar ninguna solicitud para tener acceso a esta nueva ayuda econ\u00f3mica de protecci\u00f3n social, sino que el reconocimiento a cobrarla se producir\u00e1 de manera autom\u00e1tica.<\/strong><\/p>\n\n\n\n<p><strong>Las familias o personas con hijos a cargo que ya cobren un subsidio de la Seguridad Social por esta circunstancia, percibir\u00e1n el mismo d\u00eda 1 de junio el nuevo Ingreso M\u00ednimo Vital sin necesidad de solicitarlo previamente.<\/strong><\/p>\n\n\n\n<p>Dicha situaci\u00f3n se extender\u00e1 en un principio hasta el 31 de diciembre de este a\u00f1o, y ya el pr\u00f3ximo a\u00f1o 2021 tendr\u00e1n que solicitar la ayuda siguiendo los cauces habituales que se hayan establecido, por supuesto siempre y cuando se contin\u00faen dando las circunstancias para poder percibir esta ayuda econ\u00f3mica.<\/p>\n\n\n\n<p>Por \u00faltimo y no menos importante, sabemos que esta renta m\u00ednima vital se cobrar\u00e1 trimestralmente y no de manera mensual y que no tendr\u00e1 una fecha de caducidad mientras se sigan cumpliendo los requisitos para poder beneficiarse de ella.<\/p>\n\n\n\n<p>Su cobro se percibir\u00e1 con efecto al mismo d\u00eda de aprobaci\u00f3n de la medida para los aspirantes y por supuesto habr\u00e1 sanciones en los casos en los que la cuant\u00eda econ\u00f3mica que se percibe no sea destinada a actividades o bienes no considerados b\u00e1sicos o de primera necesidad.<\/p>\n","protected":false},"excerpt":{"rendered":"<p>En los pr\u00f3ximos d\u00edas est\u00e1 previsto que apruebe el Gobierno en consejo de ministros el esperado Ingreso M\u00ednimo Vital que ser\u00e1 prioritario para las familias que ya perciben una asignaci\u00f3n econ\u00f3mica por hijos a cargo a cuenta de la Seguridad Social.<\/p>\n","protected":false},"author":2,"featured_media":1208,"comment_status":"open","ping_status":"open","sticky":false,"template":"","format":"standard","meta":{"footnotes":""},"categories":[35],"tags":[285,350,353,246,245,247],"class_list":["post-1207","post","type-post","status-publish","format-standard","has-post-thumbnail","hentry","category-ayudas","tag-cargo","tag-familias","tag-hijos","tag-ingreso","tag-minimo","tag-vital"],"amp_enabled":true,"_links":{"self":[{"href":"https:\/\/sucurriculum.com\/noticias\/wp-json\/wp\/v2\/posts\/1207","targetHints":{"allow":["GET"]}}],"collection":[{"href":"https:\/\/sucurriculum.com\/noticias\/wp-json\/wp\/v2\/posts"}],"about":[{"href":"https:\/\/sucurriculum.com\/noticias\/wp-json\/wp\/v2\/types\/post"}],"author":[{"embeddable":true,"href":"https:\/\/sucurriculum.com\/noticias\/wp-json\/wp\/v2\/users\/2"}],"replies":[{"embeddable":true,"href":"https:\/\/sucurriculum.com\/noticias\/wp-json\/wp\/v2\/comments?post=1207"}],"version-history":[{"count":1,"href":"https:\/\/sucurriculum.com\/noticias\/wp-json\/wp\/v2\/posts\/1207\/revisions"}],"predecessor-version":[{"id":1209,"href":"https:\/\/sucurriculum.com\/noticias\/wp-json\/wp\/v2\/posts\/1207\/revisions\/1209"}],"wp:featuredmedia":[{"embeddable":true,"href":"https:\/\/sucurriculum.com\/noticias\/wp-json\/wp\/v2\/media\/1208"}],"wp:attachment":[{"href":"https:\/\/sucurriculum.com\/noticias\/wp-json\/wp\/v2\/media?parent=1207"}],"wp:term":[{"taxonomy":"category","embeddable":true,"href":"https:\/\/sucurriculum.com\/noticias\/wp-json\/wp\/v2\/categories?post=1207"},{"taxonomy":"post_tag","embeddable":true,"href":"https:\/\/sucurriculum.com\/noticias\/wp-json\/wp\/v2\/tags?post=1207"}],"curies":[{"name":"wp","href":"https:\/\/api.w.org\/{rel}","templated":true}]}}