{"id":1186,"date":"2020-05-21T09:34:38","date_gmt":"2020-05-21T07:34:38","guid":{"rendered":"https:\/\/sucurriculum.com\/noticias\/?p=1186"},"modified":"2020-05-21T09:34:39","modified_gmt":"2020-05-21T07:34:39","slug":"nueva-zelanda-propone-una-semana-laboral-de-cuatro-dias","status":"publish","type":"post","link":"https:\/\/sucurriculum.com\/noticias\/nueva-zelanda-propone-una-semana-laboral-de-cuatro-dias\/","title":{"rendered":"Nueva Zelanda propone una semana laboral de cuatro d\u00edas"},"content":{"rendered":"\n<p>La primera ministra de Nueva Zelanda, Jacinda Ardern, ha sugerido que los trabajadores consideren una semana laboral de cuatro d\u00edas y otras opciones de trabajo m\u00e1s flexibles para permitir la conciliaci\u00f3n de las familias y fomentar el turismo interno en el pa\u00eds.<\/p>\n\n\n\n<p>En un v\u00eddeo publicado en Facebook y recogido por The Guardian, Arden asegura que ha recogido todas las sugerencias ciudadanas, desde una semana m\u00e1s corta a tener m\u00e1s d\u00edas festivos con el objetivo de estimular la econom\u00eda. \u00abSe lo he escuchado a muchas personas y en definitiva debe ser algo que tienen que debatirlo empleados y empleadores\u00bb, apunta la primera ministra. \u00abLa COVID nos ha ense\u00f1ado muchas cosas, entre ellas la flexibilidad laboral y el teletrabajo\u00bb.<\/p>\n\n\n\n<p>Este sistema estar\u00eda inspirado en el kurzarbeit alem\u00e1n. Un modelo que permite mantener y compatibilizar el empleo con tener m\u00e1s tiempo libre o invertirlo en mejorar sus capacidades laborales.<\/p>\n\n\n\n<p>Jacinda Ardern ha hecho un llamamiento a los empresarios a tener en cuenta esta posibilidad cuando en su empresa sea aplicable porque \u00abayudar\u00eda al turismo\u00bb en el pa\u00eds. El mensaje, grabado en Rotorua, uno de los puntos m\u00e1s tur\u00edsticos de Nueva Zelanda, ha supuesto un alivio para el sector, que lleva semanas sufriendo una deca\u00edda en los ingresos por la falta de turistas extranjeros y los recortes en su econom\u00eda que los propios neozelandeses est\u00e1n haciendo por los despidos.<\/p>\n\n\n\n<p>Aunque este anuncio informal de la primera ministra llega tras la crisis del coronavirus, algunas empresas locales ya ten\u00edan implantado este sistema desde hace varios a\u00f1os. Es el caso de Andrew Barnes un empresario que, desde 2018, permite la jornada laboral de cuatro d\u00edas a sus 200 trabajadores y que, seg\u00fan Barnes, ha mejorado la productividad y beneficiado la salud mental y f\u00edsica de sus empleados. Dice tambi\u00e9n, que ha tenido un impacto positivo en todas sus familias, su entorno m\u00e1s cercano e incluso en el cambio clim\u00e1tico.<\/p>\n\n\n\n<p>\u201cNecesitamos mantener todos los beneficios del teletrabajo, incluido el aire m\u00e1s limpio y la falta de atascos, la p\u00e9rdida de productividad derivada de los desplazamientos. Adem\u00e1s, ayuda a las empresas a mantenerse a flote\u00bb, asegura Andrew Barnes al peri\u00f3dico brit\u00e1nico. Tenemos que ser audaces con nuestro modelo. Esta es una oportunidad para un reinicio masivo \u00ab.<\/p>\n\n\n\n<p>Desde que comenz\u00f3 la pandemia, miles de personas han perdido su trabajo en el pa\u00eds y el Fondo Monetario Internacional (FMI) ha previsto que la econom\u00eda se contraiga un 8% y las cifras de desempleo aumenten entre un 15% y un 30%.<\/p>\n","protected":false},"excerpt":{"rendered":"<p>La primera ministra de Nueva Zelanda quiere que los trabajadores realicen una semana laboral de cuatro d\u00edas para la conciliaci\u00f3n de las familias y fomentar el turismo en el pa\u00eds.<\/p>\n","protected":false},"author":2,"featured_media":1187,"comment_status":"open","ping_status":"open","sticky":false,"template":"","format":"standard","meta":{"footnotes":""},"categories":[2],"tags":[531,659,855,377,445,854],"class_list":["post-1186","post","type-post","status-publish","format-standard","has-post-thumbnail","hentry","category-noticias","tag-531","tag-dias-2","tag-jornada","tag-laboral","tag-nueva","tag-zelanda"],"amp_enabled":true,"_links":{"self":[{"href":"https:\/\/sucurriculum.com\/noticias\/wp-json\/wp\/v2\/posts\/1186","targetHints":{"allow":["GET"]}}],"collection":[{"href":"https:\/\/sucurriculum.com\/noticias\/wp-json\/wp\/v2\/posts"}],"about":[{"href":"https:\/\/sucurriculum.com\/noticias\/wp-json\/wp\/v2\/types\/post"}],"author":[{"embeddable":true,"href":"https:\/\/sucurriculum.com\/noticias\/wp-json\/wp\/v2\/users\/2"}],"replies":[{"embeddable":true,"href":"https:\/\/sucurriculum.com\/noticias\/wp-json\/wp\/v2\/comments?post=1186"}],"version-history":[{"count":1,"href":"https:\/\/sucurriculum.com\/noticias\/wp-json\/wp\/v2\/posts\/1186\/revisions"}],"predecessor-version":[{"id":1188,"href":"https:\/\/sucurriculum.com\/noticias\/wp-json\/wp\/v2\/posts\/1186\/revisions\/1188"}],"wp:featuredmedia":[{"embeddable":true,"href":"https:\/\/sucurriculum.com\/noticias\/wp-json\/wp\/v2\/media\/1187"}],"wp:attachment":[{"href":"https:\/\/sucurriculum.com\/noticias\/wp-json\/wp\/v2\/media?parent=1186"}],"wp:term":[{"taxonomy":"category","embeddable":true,"href":"https:\/\/sucurriculum.com\/noticias\/wp-json\/wp\/v2\/categories?post=1186"},{"taxonomy":"post_tag","embeddable":true,"href":"https:\/\/sucurriculum.com\/noticias\/wp-json\/wp\/v2\/tags?post=1186"}],"curies":[{"name":"wp","href":"https:\/\/api.w.org\/{rel}","templated":true}]}}