{"id":1183,"date":"2020-05-21T08:56:56","date_gmt":"2020-05-21T06:56:56","guid":{"rendered":"https:\/\/sucurriculum.com\/noticias\/?p=1183"},"modified":"2020-05-21T08:56:57","modified_gmt":"2020-05-21T06:56:57","slug":"fran-rivera-reclama-ayudas-al-mundo-del-toro-porque-es-cultura","status":"publish","type":"post","link":"https:\/\/sucurriculum.com\/noticias\/fran-rivera-reclama-ayudas-al-mundo-del-toro-porque-es-cultura\/","title":{"rendered":"Fran Rivera reclama ayudas al mundo del toro porque \u201ces cultura\u201d"},"content":{"rendered":"\n<p>El torero Fran Rivera ha sido el protagonista del programa Espejo p\u00fablico tras defender que el mundo del toro debe recibir \u201cayudas p\u00fablicas\u201d porque \u201ctambi\u00e9n es cultura\u201d. El diestro se sumaba as\u00ed a la opini\u00f3n que dio, d\u00edas atr\u00e1s, su hermano Cayetano y que levantaba una gran polvareda en redes sociales.<\/p>\n\n\n\n<p>El colaborador del programa que presenta Susanna Griso no ha dudado en pedir \u201cayudas\u201d econ\u00f3micas para aquellas personas del sector el toro que no pueden trabajar debido al par\u00f3n de la actividad causado por la pandemia del coronavirus Covid-19 en todo el mundo y especialmente en Espa\u00f1a.<\/p>\n\n\n\n<p>\u201cHay a familias que realmente lo necesitan y est\u00e1n pasando hambre y al Gobierno les da igual\u201d ha dicho el diestro, al tiempo que se refer\u00eda a la tauromaquia como un arte y una tradici\u00f3n que viene de anta\u00f1o: \u201dEsto no lo he inventado yo ni lo ha inventado Franco\u201d.<\/p>\n\n\n\n<p>\u201cEl mundo del toro ya estaba herido de muerte desde mucho antes de que llegara la pandemia\u201d, le rebat\u00eda la colaboradora de Espejo p\u00fablico, Cristina Fern\u00e1ndez. Rivera le espetaba que \u201ceso te encantar\u00eda a ti, que el toro estuviera herido de muerte\u201d y ha vinculado la falta de ayudas a un tema \u201cideol\u00f3gico\u201d.<\/p>\n","protected":false},"excerpt":{"rendered":"<p>El diestro se sumaba as\u00ed a la opini\u00f3n que dio, d\u00edas atr\u00e1s, su hermano Cayetano y que levantaba una gran polvareda en redes sociales.<\/p>\n","protected":false},"author":2,"featured_media":1184,"comment_status":"open","ping_status":"open","sticky":false,"template":"","format":"standard","meta":{"footnotes":""},"categories":[66],"tags":[848,37,853,849,852,845,651,851,847,846,850],"class_list":["post-1183","post","type-post","status-publish","format-standard","has-post-thumbnail","hentry","category-noticias-actualidad","tag-al","tag-ayudas","tag-cultura","tag-del","tag-es","tag-fran","tag-mundo","tag-porque","tag-reclama","tag-rivera","tag-toro"],"amp_enabled":true,"_links":{"self":[{"href":"https:\/\/sucurriculum.com\/noticias\/wp-json\/wp\/v2\/posts\/1183","targetHints":{"allow":["GET"]}}],"collection":[{"href":"https:\/\/sucurriculum.com\/noticias\/wp-json\/wp\/v2\/posts"}],"about":[{"href":"https:\/\/sucurriculum.com\/noticias\/wp-json\/wp\/v2\/types\/post"}],"author":[{"embeddable":true,"href":"https:\/\/sucurriculum.com\/noticias\/wp-json\/wp\/v2\/users\/2"}],"replies":[{"embeddable":true,"href":"https:\/\/sucurriculum.com\/noticias\/wp-json\/wp\/v2\/comments?post=1183"}],"version-history":[{"count":1,"href":"https:\/\/sucurriculum.com\/noticias\/wp-json\/wp\/v2\/posts\/1183\/revisions"}],"predecessor-version":[{"id":1185,"href":"https:\/\/sucurriculum.com\/noticias\/wp-json\/wp\/v2\/posts\/1183\/revisions\/1185"}],"wp:featuredmedia":[{"embeddable":true,"href":"https:\/\/sucurriculum.com\/noticias\/wp-json\/wp\/v2\/media\/1184"}],"wp:attachment":[{"href":"https:\/\/sucurriculum.com\/noticias\/wp-json\/wp\/v2\/media?parent=1183"}],"wp:term":[{"taxonomy":"category","embeddable":true,"href":"https:\/\/sucurriculum.com\/noticias\/wp-json\/wp\/v2\/categories?post=1183"},{"taxonomy":"post_tag","embeddable":true,"href":"https:\/\/sucurriculum.com\/noticias\/wp-json\/wp\/v2\/tags?post=1183"}],"curies":[{"name":"wp","href":"https:\/\/api.w.org\/{rel}","templated":true}]}}