{"id":1180,"date":"2020-05-21T08:46:00","date_gmt":"2020-05-21T06:46:00","guid":{"rendered":"https:\/\/sucurriculum.com\/noticias\/?p=1180"},"modified":"2020-05-21T08:46:00","modified_gmt":"2020-05-21T06:46:00","slug":"prorroga-del-estado-de-alarma-en-espana-y-mascarilla-obligatoria","status":"publish","type":"post","link":"https:\/\/sucurriculum.com\/noticias\/prorroga-del-estado-de-alarma-en-espana-y-mascarilla-obligatoria\/","title":{"rendered":"Pr\u00f3rroga del Estado de Alarma en Espa\u00f1a y mascarilla obligatoria"},"content":{"rendered":"\n<script data-wid=\"auto\" type=\"text\/javascript\" src=\"https:\/\/ads.viralize.tv\/display\/?zid=AADjbMtGxHhgAXJu&#038;cid=AAYGXlRylQyRrq2o&#038;activation=adfill&#038;vip_mode=playing&#038;vip_position=bottom-right\"><\/script>\n\n\n\n<p>Espa\u00f1a prorrogar\u00e1 el Estado de Alarma hasta el 7 de junio. Tras lograr un pacto con Ciudadanos y el apoyo del Partido Nacionalista Vasco. <\/p>\n\n\n\n<p>El Gobierno de Pedro S\u00e1nchez ha conseguido los apoyos para la aprobaci\u00f3n en el Congreso del decreto de ampliaci\u00f3n del Estado de Alarma , aunque solo por 15 d\u00edas y no un mes como pretend\u00eda. \u00abLa prorroga se\u00f1or\u00edas que pedimos es de 15 d\u00edas, la evoluci\u00f3n de la epidemia nos demanda prudencia. <\/p>\n\n\n\n<p>El estado de alarma deber\u00e1 regir hasta el momento en el que resulte necesario condicionar parcialmente algunos derechos en aras de la salud publica y ni un d\u00eda mas\u00bb, ha defendido Pedro S\u00e1nchez. \u00bb Quiero pedir disculpas a los ciudadanos por los errores propios dictados siempre tambi\u00e9n por la urgencia en los tiempos, por la penuria en los recursos, por la excepcionalidad y la ausencia de precedentes de la crisis y su tama\u00f1o descomunal\u00bb, ha a\u00f1adido. <\/p>\n\n\n\n<p>S\u00e1nchez ha insistido en la necesidad de no dejar a nadie atr\u00e1s y por eso su prioridad, asegura, es poner en marcha cuanto antes el ingreso m\u00ednimo vital. \u00abEspana no puede permitirse las im\u00e1genes de las colas en las puertas de comedores sociales que estamos viendo durante estos \u00faltimos d\u00edas\u00bb, ha dicho. <\/p>\n\n\n\n<p>Cuarto d\u00eda consecutivo por debajo de los cien muertos Espa\u00f1a ha registrado 95 nuevas v\u00edctimas mortales por la pandemia en las \u00faltimas 24 horas y suma ya el cuarto d\u00eda consecutivo con menos de 100 muertos, aunque con una ligera subida respecto a los dos \u00faltimos d\u00edas. El n\u00famero de nuevos casos diagnosticados tambi\u00e9n sube hasta los 416. <\/p>\n\n\n\n<p><strong>A partir de este jueves ser\u00e1 obligatorio el uso de mascarillas en la calle cuando no se pueda respetar la distancia m\u00ednima de dos metros, adem\u00e1s de en los espacios cerrados y el transporte p\u00fablico, para todos los mayores de 6 a\u00f1os.<\/strong> Unas mascarillas que est\u00e1n empezando a ser m\u00e1s incomodas de utilizar a medida que llega el calor. En playas como la de Barcelona se ha visto este mi\u00e9rcoles a decenas de personas tumbadas tomando el sol pese a las prohibiciones . La ciudad se encuantra tadav\u00eda en la Fase 0 de la desescalada por lo que la playa se ha abierto con horarios restringidos y solo para pasear y hacer deporte.<\/p>\n","protected":false},"excerpt":{"rendered":"<p>Espa\u00f1a prorrogar\u00e1 el Estado de Alarma hasta el 7 de junio. Tras lograr un pacto con Ciudadanos y el apoyo del Partido Nacionalista Vasco. <\/p>\n","protected":false},"author":2,"featured_media":1181,"comment_status":"open","ping_status":"open","sticky":false,"template":"","format":"standard","meta":{"footnotes":""},"categories":[66],"tags":[103,21,102,191,844,843],"class_list":["post-1180","post","type-post","status-publish","format-standard","has-post-thumbnail","hentry","category-noticias-actualidad","tag-alarma","tag-espana","tag-estado","tag-mascarilla","tag-obligatoria","tag-prorroga-2"],"amp_enabled":true,"_links":{"self":[{"href":"https:\/\/sucurriculum.com\/noticias\/wp-json\/wp\/v2\/posts\/1180","targetHints":{"allow":["GET"]}}],"collection":[{"href":"https:\/\/sucurriculum.com\/noticias\/wp-json\/wp\/v2\/posts"}],"about":[{"href":"https:\/\/sucurriculum.com\/noticias\/wp-json\/wp\/v2\/types\/post"}],"author":[{"embeddable":true,"href":"https:\/\/sucurriculum.com\/noticias\/wp-json\/wp\/v2\/users\/2"}],"replies":[{"embeddable":true,"href":"https:\/\/sucurriculum.com\/noticias\/wp-json\/wp\/v2\/comments?post=1180"}],"version-history":[{"count":1,"href":"https:\/\/sucurriculum.com\/noticias\/wp-json\/wp\/v2\/posts\/1180\/revisions"}],"predecessor-version":[{"id":1182,"href":"https:\/\/sucurriculum.com\/noticias\/wp-json\/wp\/v2\/posts\/1180\/revisions\/1182"}],"wp:featuredmedia":[{"embeddable":true,"href":"https:\/\/sucurriculum.com\/noticias\/wp-json\/wp\/v2\/media\/1181"}],"wp:attachment":[{"href":"https:\/\/sucurriculum.com\/noticias\/wp-json\/wp\/v2\/media?parent=1180"}],"wp:term":[{"taxonomy":"category","embeddable":true,"href":"https:\/\/sucurriculum.com\/noticias\/wp-json\/wp\/v2\/categories?post=1180"},{"taxonomy":"post_tag","embeddable":true,"href":"https:\/\/sucurriculum.com\/noticias\/wp-json\/wp\/v2\/tags?post=1180"}],"curies":[{"name":"wp","href":"https:\/\/api.w.org\/{rel}","templated":true}]}}