{"id":1174,"date":"2020-05-20T21:55:35","date_gmt":"2020-05-20T19:55:35","guid":{"rendered":"https:\/\/sucurriculum.com\/noticias\/?p=1174"},"modified":"2020-05-21T12:19:11","modified_gmt":"2020-05-21T10:19:11","slug":"las-comunidades-quieren-bonificar-a-las-familias-que-veraneen-en-espana","status":"publish","type":"post","link":"https:\/\/sucurriculum.com\/noticias\/las-comunidades-quieren-bonificar-a-las-familias-que-veraneen-en-espana\/","title":{"rendered":"Las Comunidades Quieren bonificar a las familias que veraneen en Espa\u00f1a"},"content":{"rendered":"\n<p>Tanto el Gobierno central como los auton\u00f3micos f\u00edan parte de la reactivaci\u00f3n del maltrecho sector tur\u00edstico al mercado interior, dada la incertidumbre sobre la reapertura de fronteras por la pandemia de coronavirus. Una demanda interna que las comunidades esperan incentivar a trav\u00e9s de descuentos o bonificaciones p\u00fablicas a las familias que veraneen en el pa\u00eds.<\/p>\n\n\n\n<p>As\u00ed lo reclamaron Andaluc\u00eda, Baleares y Catalunya en un debate telem\u00e1tico sobre turismo organizado por la Asociaci\u00f3n Corporativa de Agencias de Viajes Especializadas (Acave), que preside Mart\u00ed Sarrate. <\/p>\n\n\n\n<p>La f\u00f3rmula de los bonos tur\u00edsticos para ciudadanos espa\u00f1oles fue defendida con especial fuerza por Manuel Cardenete, viceconsejero de Turismo de la Junta de Andaluc\u00eda. \u201cHemos pedido al Ministerio de Industria que active un bono vacacional, como lo est\u00e1 haciendo Italia\u201d, se\u00f1al\u00f3 Cardenete. <\/p>\n\n\n\n<p>El Gobierno de Giuseppe Conte aprob\u00f3 a principios de mes un plan de est\u00edmulo econ\u00f3mico dotado con 55.000 millones de euros que incluye un bono de hasta 500 euros por cada n\u00facleo familiar para gastar en estructuras tur\u00edsticas del territorio nacional. Si el Gobierno espa\u00f1ol aprueba una medida similar, \u201ceste dinero tendr\u00e1 un efecto multiplicador y potenciar\u00e1 el consumo\u201d, afirm\u00f3 el viceconsejero andaluz.<\/p>\n\n\n\n<p>La consellera de Empresa de la Generalitat de Catalunya, \u00c0ngels Chacon, apoy\u00f3 la medida, si bien advirti\u00f3 que, por muy bien que se comporte el turismo interior, \u201cno llegaremos a cubrir las expectativas\u201d. Una postura compartida por el director de la Agencia de estrategia tur\u00edstica de Baleares, Manuel Porras: bonos vacacionales para residentes s\u00ed, pero tambi\u00e9n incentivos para atraer viajeros extranjeros. Y es que la industria tur\u00edstica espa\u00f1ola afronta la crisis del coronavirus de una forma muy dispar. Tanto Chac\u00f3n como Porras subrayaron el fuerte peso del turismo exterior en Catalunya y Baleares, al contrario de lo que ocurre en otros territorios como Andaluc\u00eda. Los extranjeros aportaron el 85% del gasto tur\u00edstico en Catalunya (21.000 millones de euros) el a\u00f1o pasado pese a ser solo el 50% del total de visitantes. En Baleares el turismo exterior representa el 70%, mientras que en Andaluc\u00eda s\u00f3lo suponen el 30%.<\/p>\n\n\n\n<p>Chacon abog\u00f3 en este sentido por la apertura de fronteras de forma controlada y coordinada por la Uni\u00f3n Europea. Solo as\u00ed, consider\u00f3, se podr\u00e1 alentar la llegada de viajeros europeos. La titular de Empresa pidi\u00f3 tambi\u00e9n ayudas directas para las empresas del sector, tanto por parte del Gobierno central como la Uni\u00f3n Europea. Baleares reafirm\u00f3 tambi\u00e9n su apuesta por los corredores tur\u00edsticos y confirm\u00f3 que prepara un viaje piloto en junio para llevar alemanes a Mallorca.<\/p>\n\n\n\n<p>En el nuevo turismo que surgir\u00e1 tras la pandemia tendr\u00e1n un papel mucho m\u00e1s relevante las agencias de viajes, coincidieron todos los participantes en el debate, ya que podr\u00e1n dar garant\u00edas a los turistas de que su viaje ser\u00e1 \u201cseguro\u201d, el nuevo valor al alza en el sector.<\/p>\n","protected":false},"excerpt":{"rendered":"<p>Los pol\u00edticos est\u00e1n que lo petan, renta m\u00ednima y ahora el bono vacacional&#8230; Esperemos se note en el empleo.<\/p>\n","protected":false},"author":2,"featured_media":1175,"comment_status":"open","ping_status":"open","sticky":false,"template":"","format":"standard","meta":{"footnotes":""},"categories":[35],"tags":[840,837,21,397,841,211],"class_list":["post-1174","post","type-post","status-publish","format-standard","has-post-thumbnail","hentry","category-ayudas","tag-bonos","tag-comunidades","tag-espana","tag-espanoles","tag-vacacionales","tag-verano"],"amp_enabled":true,"_links":{"self":[{"href":"https:\/\/sucurriculum.com\/noticias\/wp-json\/wp\/v2\/posts\/1174","targetHints":{"allow":["GET"]}}],"collection":[{"href":"https:\/\/sucurriculum.com\/noticias\/wp-json\/wp\/v2\/posts"}],"about":[{"href":"https:\/\/sucurriculum.com\/noticias\/wp-json\/wp\/v2\/types\/post"}],"author":[{"embeddable":true,"href":"https:\/\/sucurriculum.com\/noticias\/wp-json\/wp\/v2\/users\/2"}],"replies":[{"embeddable":true,"href":"https:\/\/sucurriculum.com\/noticias\/wp-json\/wp\/v2\/comments?post=1174"}],"version-history":[{"count":1,"href":"https:\/\/sucurriculum.com\/noticias\/wp-json\/wp\/v2\/posts\/1174\/revisions"}],"predecessor-version":[{"id":1176,"href":"https:\/\/sucurriculum.com\/noticias\/wp-json\/wp\/v2\/posts\/1174\/revisions\/1176"}],"wp:featuredmedia":[{"embeddable":true,"href":"https:\/\/sucurriculum.com\/noticias\/wp-json\/wp\/v2\/media\/1175"}],"wp:attachment":[{"href":"https:\/\/sucurriculum.com\/noticias\/wp-json\/wp\/v2\/media?parent=1174"}],"wp:term":[{"taxonomy":"category","embeddable":true,"href":"https:\/\/sucurriculum.com\/noticias\/wp-json\/wp\/v2\/categories?post=1174"},{"taxonomy":"post_tag","embeddable":true,"href":"https:\/\/sucurriculum.com\/noticias\/wp-json\/wp\/v2\/tags?post=1174"}],"curies":[{"name":"wp","href":"https:\/\/api.w.org\/{rel}","templated":true}]}}