{"id":1100,"date":"2020-05-19T09:16:22","date_gmt":"2020-05-19T07:16:22","guid":{"rendered":"https:\/\/sucurriculum.com\/noticias\/?p=1100"},"modified":"2020-05-19T09:16:22","modified_gmt":"2020-05-19T07:16:22","slug":"el-gobierno-permite-ahora-las-rebajas-en-toda-espana","status":"publish","type":"post","link":"https:\/\/sucurriculum.com\/noticias\/el-gobierno-permite-ahora-las-rebajas-en-toda-espana\/","title":{"rendered":"El Gobierno permite ahora las rebajas en toda Espa\u00f1a"},"content":{"rendered":"\n<p>El Gobierno ha decidido finalmente permitir las rebajas desde este lunes incluso en los lugares que a\u00fan siguen en la Fase 0 de la desescalada siempre, eso s\u00ed, que no generen aglomeraciones. De hecho, el Ministerio de Sanidad establece que, en el caso de producirse una gran afluencia de personas, deber\u00e1 procederse al cese inmediato de estas promociones \u00absi fuera necesario\u00bb.<\/p>\n\n\n\n<p>As\u00ed figura en la orden del Ministerio de Sanidad publicada este s\u00e1bado en el Bolet\u00edn Oficial del Estado (BOE) en las que se recogen la relajaci\u00f3n de las medidas previstas en la Fase 2 de la desescalada, pero se incluyen tambi\u00e9n algunas modificaciones de las medidas que se hab\u00edan previsto para la Fases 1 y 0.<\/p>\n\n\n\n<p>En concreto, la nueva orden modifica lo relativo a las rebajas que se hab\u00eda introducido en la dictada por Sanidad el pasado 9 de mayo y que hab\u00eda dado lugar a distintas interpretaciones por parte del ministerio que dirige Salvador Illa, por un lado, y el Ministerio de Industria y Comercio, por otro.<\/p>\n\n\n\n<p>En la orden ministerial del pasado 9 de mayo se establec\u00eda que, durante la fase 1, los establecimientos no podr\u00edan anunciar ni llevar a cabo acciones comerciales que pudieran dar lugar a aglomeraciones de p\u00fablico, tanto dentro del establecimiento comercial como en sus inmediaciones. Adem\u00e1s, se fijaba la salvaguarda de que esta restricci\u00f3n no afectar\u00eda a las ventas en rebajas ni tampoco ventas en oferta o promoci\u00f3n que se realizasen a trav\u00e9s de la p\u00e1gina web.<\/p>\n\n\n\n<p><strong>Desacuerdo entre Sanidad y comercio<\/strong><\/p>\n\n\n\n<p>Seg\u00fan Industria y Comercio esta previsi\u00f3n permit\u00eda las rebajas en tiendas f\u00edsicas, pero Illa, al ser preguntado en dos ocasiones a lo largo de esta semana, dej\u00f3 claro que \u00e9stas no estaban permitidas porque podr\u00edan dar lugar a aglomeraciones, con el consiguiente riesgo de contagio.<\/p>\n\n\n\n<p>Ahora, en su nueva orden publicada este s\u00e1bado, el Gobierno introduce una disposici\u00f3n adicional que modifica la orden del 9 de mayo y que deja claro que se podr\u00e1n hacer rebajas siempre que no den lugar a aglomeraciones que impidan el cumplimiento de las medidas sanitarias destinadas a evitar la propagaci\u00f3n del virus. Esta medida regir\u00e1 tambi\u00e9n en la Fase 0, en la que todav\u00eda est\u00e1n la Comunidad de Madrid, Barcelona y parte de Castilla y Le\u00f3n, cuyos comercios podr\u00e1n realizar promociones siguiendo las normas establecidas para el funcionamiento de los mismos en estos lugares.<\/p>\n\n\n\n<p><strong>Respetar las medidas sanitarias<\/strong><\/p>\n\n\n\n<p>Esa disposici\u00f3n establece que son los comerciantes los que debe tomar medidas para evitar que se produzcan aglomeraciones que impidan el cumplimiento de las medidas sanitarias obligatorias.<\/p>\n\n\n\n<p>Seg\u00fan recoge el texto, \u00ablas acciones comerciales o de promoci\u00f3n que lleven a cabo los establecimientos comerciales deber\u00e1n estar acompa\u00f1adas de medidas destinadas a asegurar\u00bb el cumplimiento de las medidas decretadas por las autoridades sanitarias.<\/p>\n\n\n\n<p>As\u00ed, se deber\u00e1 evitar que \u00abse generen aglomeraciones que impidan el mantenimiento de la distancia de seguridad, el cumplimiento de los l\u00edmites de aforo, o que comprometan el resto de medidas establecidas en esta orden\u00bb. Si esto se produce los comerciantes deber\u00e1n \u00abadoptar las medidas adecuadas para evitarlas, incluyendo el cese inmediato de las mencionadas acciones comerciales o de promoci\u00f3n si resultara necesario\u00bb.<\/p>\n\n\n\n<p><strong>Asimetr\u00edas entre comunidades<\/strong><\/p>\n\n\n\n<p>La orden recoge tambi\u00e9n asimetr\u00edas entre comunidades aut\u00f3nomas, de manera que lo relativo a bibliotecas, museos, rodajes, locales de espect\u00e1culos, instalaciones deportivas al aire libre y centros deportivos. En Castilla-La Mancha no se aplica lo relativo a la celebraci\u00f3n de seminarios cient\u00edficos.<\/p>\n\n\n\n<p>Hay tambi\u00e9n variaciones territoriales en la apertura de locales de espect\u00e1culos culturales. En l\u00edneas generales, no podr\u00e1 haber m\u00e1s de 30 personas en total y, si son al aire libre, el aforo m\u00e1ximo autorizado ser\u00e1 de 200 personas.<\/p>\n\n\n\n<p>Sin embargo, en Castilla-La Mancha los aforos m\u00e1ximos ser\u00e1n 20 y 100, respectivamente; en la Comunidad Valenciana, 30 en ambos casos y en Murcia el aforo al aire libre ser\u00e1 de cincuenta personas. En Castilla-La Mancha, adem\u00e1s, los velatorios solo podr\u00e1n ser en instalaciones habilitadas y de 8.00 a 22.00 horas.<\/p>\n\n\n\n<p><strong>Caza y pesca<\/strong><\/p>\n\n\n\n<p>La orden establece las condiciones en las que se podr\u00e1n practicar la caza y la pesca a partir del lunes: uso de mascarilla cuando no sea posible guardar distancias, limpieza del vestuario y los utensilios y prohibici\u00f3n de compartirlos, igual que el utillaje de comida y bebida. Cuando se organice una actividad con m\u00e1s de un cazador, ser\u00e1 necesario un plan con las medidas de higiene y prevenci\u00f3n.<\/p>\n\n\n\n<p>Adem\u00e1s, desde el lunes estar\u00e1 permitida la apertura de establecimientos de m\u00e1s de 400 metros cuadrados pero acotando el espacio abierto al p\u00fablico ajust\u00e1ndose a este umbral y con varios requisitos: 30 por ciento del aforo, distancia m\u00ednima de dos metros entre clientes o solo una persona dentro y horario de atenci\u00f3n prioritario para mayores de 65 a\u00f1os.<\/p>\n\n\n\n<p><strong>Administraciones de Loter\u00eda<\/strong><\/p>\n\n\n\n<p>Podr\u00e1n abrir los que est\u00e9n en centros comerciales siempre que cuenten con acceso directo e independiente desde la v\u00eda p\u00fablica. Tambi\u00e9n pueden abrir las administraciones de Loter\u00eda, a excepci\u00f3n de las ubicadas en centros comerciales y sin acceso independiente.<\/p>\n\n\n\n<p>Entre otras medidas, la orden se\u00f1ala que los establecimientos que dispongan de aparcamientos propios para sus empleados y clientes, cuando el acceso a las instalaciones, los lectores de tickets y tarjetas de empleados no pudiera realizarse de manera autom\u00e1tica sin contacto, este ser\u00e1 sustituido por un control manual y continuo por parte del personal de seguridad para controlar el aforo.<\/p>\n\n\n\n<p>Cuando as\u00ed lo decidan los Ayuntamientos, podr\u00e1n reabrir los mercados que desarrollan su actividad al aire libre o de venta no sedentaria en la v\u00eda p\u00fablica.<\/p>\n","protected":false},"excerpt":{"rendered":"<p>El Gobierno ha decidido finalmente permitir las rebajas desde este lunes incluso en los lugares que a\u00fan siguen en la Fase 0 de la desescalada siempre, eso s\u00ed, que no generen aglomeraciones. <\/p>\n","protected":false},"author":2,"featured_media":1101,"comment_status":"open","ping_status":"open","sticky":false,"template":"","format":"standard","meta":{"footnotes":""},"categories":[66],"tags":[21,36,220,744,795],"class_list":["post-1100","post","type-post","status-publish","format-standard","has-post-thumbnail","hentry","category-noticias-actualidad","tag-espana","tag-gobierno","tag-permite","tag-rebajas","tag-toda"],"amp_enabled":true,"_links":{"self":[{"href":"https:\/\/sucurriculum.com\/noticias\/wp-json\/wp\/v2\/posts\/1100","targetHints":{"allow":["GET"]}}],"collection":[{"href":"https:\/\/sucurriculum.com\/noticias\/wp-json\/wp\/v2\/posts"}],"about":[{"href":"https:\/\/sucurriculum.com\/noticias\/wp-json\/wp\/v2\/types\/post"}],"author":[{"embeddable":true,"href":"https:\/\/sucurriculum.com\/noticias\/wp-json\/wp\/v2\/users\/2"}],"replies":[{"embeddable":true,"href":"https:\/\/sucurriculum.com\/noticias\/wp-json\/wp\/v2\/comments?post=1100"}],"version-history":[{"count":1,"href":"https:\/\/sucurriculum.com\/noticias\/wp-json\/wp\/v2\/posts\/1100\/revisions"}],"predecessor-version":[{"id":1102,"href":"https:\/\/sucurriculum.com\/noticias\/wp-json\/wp\/v2\/posts\/1100\/revisions\/1102"}],"wp:featuredmedia":[{"embeddable":true,"href":"https:\/\/sucurriculum.com\/noticias\/wp-json\/wp\/v2\/media\/1101"}],"wp:attachment":[{"href":"https:\/\/sucurriculum.com\/noticias\/wp-json\/wp\/v2\/media?parent=1100"}],"wp:term":[{"taxonomy":"category","embeddable":true,"href":"https:\/\/sucurriculum.com\/noticias\/wp-json\/wp\/v2\/categories?post=1100"},{"taxonomy":"post_tag","embeddable":true,"href":"https:\/\/sucurriculum.com\/noticias\/wp-json\/wp\/v2\/tags?post=1100"}],"curies":[{"name":"wp","href":"https:\/\/api.w.org\/{rel}","templated":true}]}}