{"id":10454,"date":"2025-03-07T10:29:51","date_gmt":"2025-03-07T09:29:51","guid":{"rendered":"https:\/\/sucurriculum.com\/noticias\/?p=10454"},"modified":"2025-03-07T10:29:52","modified_gmt":"2025-03-07T09:29:52","slug":"la-moda-de-trabajar-mas-el-impulso-de-los-magnates-por-aumentar-las-horas-laborales","status":"publish","type":"post","link":"https:\/\/sucurriculum.com\/noticias\/la-moda-de-trabajar-mas-el-impulso-de-los-magnates-por-aumentar-las-horas-laborales\/","title":{"rendered":"La moda de trabajar m\u00e1s: el impulso de los magnates por aumentar las horas laborales"},"content":{"rendered":"\n<p>En los \u00faltimos a\u00f1os, algunos de los empresarios y magnates m\u00e1s influyentes del mundo han promovido la idea de que trabajar m\u00e1s horas es la clave del \u00e9xito. Figuras como Elon Musk, Jeff Bezos y Jack Ma han expresado p\u00fablicamente su apoyo a jornadas laborales extensas, argumentando que el esfuerzo y la dedicaci\u00f3n extrema son fundamentales para alcanzar logros extraordinarios.<\/p>\n\n\n\n<h3 class=\"wp-block-heading\">El resurgimiento del \u00abworkaholism\u00bb<\/h3>\n\n\n\n<p>El concepto de \u00abworkaholism\u00bb (adicci\u00f3n al trabajo) no es nuevo, pero en la era moderna de la tecnolog\u00eda y la hiperconectividad ha resurgido con fuerza. Elon Musk, por ejemplo, ha defendido semanas laborales de hasta 80-100 horas, asegurando que \u00abnadie ha cambiado el mundo trabajando 40 horas a la semana\u00bb. En 2018, Musk incluso coment\u00f3 en Twitter que \u00abhay lugares donde se trabaja de verdad\u00bb, refiri\u00e9ndose a SpaceX y Tesla como ejemplos de entornos donde se exige un nivel de esfuerzo superior.<\/p>\n\n\n\n<h3 class=\"wp-block-heading\">La cultura de las 996 y el impacto en los trabajadores<\/h3>\n\n\n\n<p>Jack Ma, cofundador de Alibaba, ha respaldado el modelo de trabajo \u00ab996\u00bb, que implica trabajar de 9 a.m. a 9 p.m., seis d\u00edas a la semana. Este esquema ha sido criticado por su impacto en la salud f\u00edsica y mental de los empleados, quienes reportan altos niveles de estr\u00e9s, agotamiento y un deterioro en su calidad de vida. En 2019, Ma defendi\u00f3 el sistema diciendo que \u00abes una bendici\u00f3n poder trabajar bajo 996\u00bb, aunque sus comentarios fueron recibidos con escepticismo y cr\u00edticas.<\/p>\n\n\n\n<p>Jeff Bezos, aunque con un enfoque m\u00e1s matizado, ha sugerido que los empleados deben encontrar la felicidad en su trabajo, lo que en la pr\u00e1ctica se traduce en dedicarle m\u00e1s tiempo. En 2018, Bezos escribi\u00f3 en una carta a los accionistas de Amazon que \u00abla clave del equilibrio entre la vida personal y laboral no es trabajar menos, sino convertir el trabajo en algo tan satisfactorio que se mezcle con la vida personal\u00bb. Aunque su visi\u00f3n es menos extrema que la de Musk o Ma, sigue promoviendo una cultura de dedicaci\u00f3n intensa.<\/p>\n\n\n\n<h3 class=\"wp-block-heading\">Beneficio empresarial vs. bienestar humano<\/h3>\n\n\n\n<p>Si bien es cierto que el esfuerzo adicional puede generar resultados sobresalientes en algunos casos, tambi\u00e9n es innegable que el exceso de trabajo conlleva riesgos. Estudios han demostrado que jornadas laborales excesivas pueden derivar en problemas de salud como enfermedades cardiovasculares, depresi\u00f3n y disminuci\u00f3n de la productividad a largo plazo. A pesar de esto, algunas compa\u00f1\u00edas siguen promoviendo una cultura donde el sacrificio personal se ve como una virtud empresarial.<\/p>\n\n\n\n<h3 class=\"wp-block-heading\">\u00bfCu\u00e1ntas horas se trabajan en los principales pa\u00edses desarrollados?<\/h3>\n\n\n\n<p>Las jornadas laborales var\u00edan significativamente entre los pa\u00edses desarrollados. Seg\u00fan datos de la OCDE, las horas anuales trabajadas en algunos de estos pa\u00edses son:<\/p>\n\n\n\n<ul class=\"wp-block-list\">\n<li><strong>Alemania<\/strong>: 1,349 horas al a\u00f1o, con una fuerte cultura de equilibrio entre el trabajo y la vida personal.<\/li>\n\n\n\n<li><strong>Francia<\/strong>: 1,402 horas al a\u00f1o, con una jornada laboral est\u00e1ndar de 35 horas semanales.<\/li>\n\n\n\n<li><strong>Espa\u00f1a<\/strong>: 1,641 horas al a\u00f1o, con una jornada habitual de 40 horas semanales, aunque con una tendencia creciente hacia la flexibilidad laboral.<\/li>\n\n\n\n<li><strong>Estados Unidos<\/strong>: 1,791 horas al a\u00f1o, con menos vacaciones y un fuerte \u00e9nfasis en la productividad.<\/li>\n\n\n\n<li><strong>Jap\u00f3n<\/strong>: 1,607 horas al a\u00f1o, aunque tradicionalmente ha sido un pa\u00eds con jornadas laborales muy largas, las recientes reformas buscan reducir el exceso de trabajo.<\/li>\n\n\n\n<li><strong>Suecia<\/strong>: 1,444 horas al a\u00f1o, con pruebas de jornadas de seis horas diarias en algunos sectores.<\/li>\n<\/ul>\n\n\n\n<p>Estas cifras reflejan c\u00f3mo diferentes pa\u00edses abordan el balance entre la productividad y la calidad de vida, contrastando con la visi\u00f3n de algunos magnates que promueven jornadas m\u00e1s largas.<\/p>\n\n\n\n<h3 class=\"wp-block-heading\">\u00bfTendencia sostenible o moda pasajera?<\/h3>\n\n\n\n<p>A medida que m\u00e1s empresas adoptan modelos de trabajo flexibles y buscan un equilibrio entre la vida laboral y personal, la tendencia de aumentar las horas de trabajo podr\u00eda verse desafiada. Pa\u00edses como Suecia han experimentado con jornadas de seis horas diarias, con resultados positivos en productividad y bienestar.<\/p>\n\n\n\n<p>El futuro del trabajo depender\u00e1 de un equilibrio entre la ambici\u00f3n empresarial y la necesidad de preservar la salud y el bienestar de los empleados. Mientras algunos magnates insisten en que m\u00e1s horas equivalen a m\u00e1s \u00e9xito, la ciencia y la experiencia de muchas organizaciones sugieren que la calidad del trabajo es m\u00e1s importante que la cantidad de horas dedicadas.<\/p>\n\n\n\n<h3 class=\"wp-block-heading\">Opini\u00f3n sobre el aumento de horas de trabajo<\/h3>\n\n\n\n<p>La cantidad de horas trabajadas no deber\u00eda ser el \u00fanico factor determinante del \u00e9xito, ni a nivel personal ni empresarial. Hay sectores donde el esfuerzo extra puede ser clave en momentos espec\u00edficos, pero hacer de ello una norma puede llevar a efectos negativos en la salud y la productividad.<\/p>\n\n\n\n<p>Los estudios demuestran que jornadas laborales excesivas pueden ser contraproducentes, reduciendo la eficiencia y afectando el bienestar de los empleados. Modelos como la jornada reducida en algunos pa\u00edses han mostrado que se puede mantener o incluso mejorar la productividad con menos horas de trabajo.<\/p>\n\n\n\n<p>En lugar de centrarse en m\u00e1s horas, ser\u00eda mejor priorizar la optimizaci\u00f3n del tiempo, la tecnolog\u00eda y la creatividad para lograr mejores resultados sin sacrificar la calidad de vida.<\/p>\n","protected":false},"excerpt":{"rendered":"<p>En los \u00faltimos a\u00f1os, algunos de los empresarios y magnates m\u00e1s influyentes del mundo han promovido la idea de que trabajar m\u00e1s horas es la clave del \u00e9xito. Figuras como Elon Musk, Jeff Bezos y Jack Ma han expresado p\u00fablicamente su apoyo a jornadas laborales extensas, argumentando que el esfuerzo y la dedicaci\u00f3n extrema son fundamentales para alcanzar logros extraordinarios.<\/p>\n","protected":false},"author":1,"featured_media":10455,"comment_status":"open","ping_status":"open","sticky":false,"template":"","format":"standard","meta":{"footnotes":""},"categories":[66,2],"tags":[7457,7458,2426,855,377,24],"class_list":["post-10454","post","type-post","status-publish","format-standard","has-post-thumbnail","hentry","category-noticias-actualidad","category-noticias","tag-100h","tag-120h","tag-horas","tag-jornada","tag-laboral","tag-trabajar"],"amp_enabled":true,"_links":{"self":[{"href":"https:\/\/sucurriculum.com\/noticias\/wp-json\/wp\/v2\/posts\/10454","targetHints":{"allow":["GET"]}}],"collection":[{"href":"https:\/\/sucurriculum.com\/noticias\/wp-json\/wp\/v2\/posts"}],"about":[{"href":"https:\/\/sucurriculum.com\/noticias\/wp-json\/wp\/v2\/types\/post"}],"author":[{"embeddable":true,"href":"https:\/\/sucurriculum.com\/noticias\/wp-json\/wp\/v2\/users\/1"}],"replies":[{"embeddable":true,"href":"https:\/\/sucurriculum.com\/noticias\/wp-json\/wp\/v2\/comments?post=10454"}],"version-history":[{"count":1,"href":"https:\/\/sucurriculum.com\/noticias\/wp-json\/wp\/v2\/posts\/10454\/revisions"}],"predecessor-version":[{"id":10457,"href":"https:\/\/sucurriculum.com\/noticias\/wp-json\/wp\/v2\/posts\/10454\/revisions\/10457"}],"wp:featuredmedia":[{"embeddable":true,"href":"https:\/\/sucurriculum.com\/noticias\/wp-json\/wp\/v2\/media\/10455"}],"wp:attachment":[{"href":"https:\/\/sucurriculum.com\/noticias\/wp-json\/wp\/v2\/media?parent=10454"}],"wp:term":[{"taxonomy":"category","embeddable":true,"href":"https:\/\/sucurriculum.com\/noticias\/wp-json\/wp\/v2\/categories?post=10454"},{"taxonomy":"post_tag","embeddable":true,"href":"https:\/\/sucurriculum.com\/noticias\/wp-json\/wp\/v2\/tags?post=10454"}],"curies":[{"name":"wp","href":"https:\/\/api.w.org\/{rel}","templated":true}]}}